{"id":5342,"date":"2023-02-14T08:29:06","date_gmt":"2023-02-14T13:29:06","guid":{"rendered":"https:\/\/procana.org\/site\/?p=5342"},"modified":"2023-02-14T08:29:10","modified_gmt":"2023-02-14T13:29:10","slug":"la-marca-del-sector-agroindustrial-de-la-cana-en-colombia","status":"publish","type":"post","link":"https:\/\/procana.org\/site\/la-marca-del-sector-agroindustrial-de-la-cana-en-colombia\/","title":{"rendered":"<strong>La marca del sector agroindustrial de la ca\u00f1a en Colombia<\/strong>"},"content":{"rendered":"\n<p>Representa a los m\u00e1s de 4.500 agricultores de ca\u00f1a y a los 13 ingenios azucareros que se preocupan por el desarrollo social, econ\u00f3mico y ambiental del pa\u00eds.<\/p>\n\n\n\n<p>La agroindustria de la ca\u00f1a en Colombia, es l\u00edder mundial en productividad, y pionera en integrar con \u00e9xito el apoyo a las comunidades, la investigaci\u00f3n y la sostenibilidad ambiental.<\/p>\n\n\n\n<p><strong>Coraz\u00f3n de Ca\u00f1a<\/strong> busca visibilizarlas historias, logros, aprendizajes y proyectos de todas las personas que est\u00e1n vinculadas al sector.<\/p>\n\n\n\n<p>La agroindustria de la ca\u00f1a, genera productos que impactan la econom\u00eda de m\u00e1s de 50 municipios a lo largo del valle geogr\u00e1fico del r\u00edo Cauca, y exporta a m\u00e1s de 60 destinos alrededor del mundo. Implementa una econom\u00eda circular exitosa y cuida el medio ambiente.<\/p>\n\n\n\n<p><strong>Coraz\u00f3n de Ca\u00f1a<\/strong> da a conocer la inversi\u00f3n que este sector ha realizado en investigaci\u00f3n y desarrollo, para que sus procesos productivos sean cada vez m\u00e1s eficientes y sostenibles.<\/p>\n\n\n\n<p><em>\u201cDetr\u00e1s de la ca\u00f1a hay oportunidades, empleo y educaci\u00f3n \u00a1Somos m\u00e1s que ca\u00f1a!\u201d, <\/em>es una de las frases virales en redes sociales, televisi\u00f3n, radio y prensa, debido a que los colombianos ya saben del encadenamiento productivo que tiene el sector y que su base son los m\u00e1s de 4.500 agricultores de ca\u00f1a representados en micro, peque\u00f1os, medianos y grandes propietarios.<\/p>\n\n\n\n<p>En su cadena productiva, hay m\u00e1s de 1.100 agricultores que tienen menos de 10 hect\u00e1reas, a quienes se atienden con capacitaci\u00f3n y asesor\u00eda. Esto demuestra la diversidad de etnias y culturas que conforman el sector.\u00a0<\/p>\n\n\n\n<p><strong>Coraz\u00f3n de Ca\u00f1a<\/strong> ha tenido gran acogida por los colombianos porque se identifican con el coraz\u00f3n y amor por nuestra tierra, el cual no es exclusivo de las zonas ca\u00f1eras, sino de todo el pa\u00eds. Se espera que para 2023 se den a conocer m\u00e1s historias sobre oportunidades, empleo y educaci\u00f3n que tienen las personas que trabajan en el sector.\u00a0<\/p>\n\n\n\n<p>La invitaci\u00f3n a los colombianos es para que se dejen enamorar y cautivar del sector agroindustrial de la ca\u00f1a, para convertirlo en <strong>ORGULLO NACIONAL<\/strong>, porque es fuente de prosperidad, bienestar y desarrollo sostenible.<\/p>\n\n\n\n<p>Todos somos <strong>#Coraz\u00f3nDeCa\u00f1a<\/strong><\/p>\n\n\n\n<p><strong>Para resaltar:<\/strong><\/p>\n\n\n\n<ul class=\"wp-block-list\">\n<li>De la ca\u00f1a todo se usa y nada se pierde; el desarrollo de la misma planta y los residuos de cosecha van al campo para mejorar las condiciones f\u00edsicas, qu\u00edmicas y biol\u00f3gicas del suelo.<\/li>\n\n\n\n<li>El sector representa el 2,8% del PIB agr\u00edcola del pa\u00eds, genera m\u00e1s de 286.000 empleos y desarrolla programas con un gran impacto social.<\/li>\n\n\n\n<li>Todas las historias que se han dado a conocer, son contadas por los propios agricultores y trabajadores de ingenios, que de manera voluntaria y espont\u00e1nea se han querido vincular a esta campa\u00f1a.<\/li>\n<\/ul>\n","protected":false},"excerpt":{"rendered":"<p>Representa a los m\u00e1s de 4.500 agricultores de ca\u00f1a y a los 13 ingenios azucareros que se preocupan por el desarrollo social, econ\u00f3mico y ambiental del pa\u00eds. La agroindustria de la ca\u00f1a en Colombia, es l\u00edder mundial en productividad, y pionera en integrar con \u00e9xito el apoyo a las comunidades, la investigaci\u00f3n y la sostenibilidad [&hellip;]<\/p>\n","protected":false},"author":442,"featured_media":5343,"comment_status":"open","ping_status":"open","sticky":false,"template":"","format":"standard","meta":{"_et_pb_use_builder":"","_et_pb_old_content":"","_et_gb_content_width":"","footnotes":""},"categories":[9,10,1],"tags":[33,35,26,27,32,36,28,34],"class_list":["post-5342","post","type-post","status-publish","format-standard","has-post-thumbnail","hentry","category-revista","category-revista-principal","category-sin-categoria","tag-agricultores","tag-ambiental","tag-cana","tag-colombia","tag-corazon-de-cana","tag-economico","tag-procana","tag-social"],"_links":{"self":[{"href":"https:\/\/procana.org\/site\/wp-json\/wp\/v2\/posts\/5342","targetHints":{"allow":["GET"]}}],"collection":[{"href":"https:\/\/procana.org\/site\/wp-json\/wp\/v2\/posts"}],"about":[{"href":"https:\/\/procana.org\/site\/wp-json\/wp\/v2\/types\/post"}],"author":[{"embeddable":true,"href":"https:\/\/procana.org\/site\/wp-json\/wp\/v2\/users\/442"}],"replies":[{"embeddable":true,"href":"https:\/\/procana.org\/site\/wp-json\/wp\/v2\/comments?post=5342"}],"version-history":[{"count":1,"href":"https:\/\/procana.org\/site\/wp-json\/wp\/v2\/posts\/5342\/revisions"}],"predecessor-version":[{"id":5344,"href":"https:\/\/procana.org\/site\/wp-json\/wp\/v2\/posts\/5342\/revisions\/5344"}],"wp:featuredmedia":[{"embeddable":true,"href":"https:\/\/procana.org\/site\/wp-json\/wp\/v2\/media\/5343"}],"wp:attachment":[{"href":"https:\/\/procana.org\/site\/wp-json\/wp\/v2\/media?parent=5342"}],"wp:term":[{"taxonomy":"category","embeddable":true,"href":"https:\/\/procana.org\/site\/wp-json\/wp\/v2\/categories?post=5342"},{"taxonomy":"post_tag","embeddable":true,"href":"https:\/\/procana.org\/site\/wp-json\/wp\/v2\/tags?post=5342"}],"curies":[{"name":"wp","href":"https:\/\/api.w.org\/{rel}","templated":true}]}}