{"id":5203,"date":"2022-12-26T07:55:53","date_gmt":"2022-12-26T12:55:53","guid":{"rendered":"https:\/\/procana.org\/site\/?p=5203"},"modified":"2023-08-03T14:30:18","modified_gmt":"2023-08-03T19:30:18","slug":"alianza-para-el-desarrollo-economico-ambiental-y-social-aldeas","status":"publish","type":"post","link":"https:\/\/procana.org\/site\/alianza-para-el-desarrollo-economico-ambiental-y-social-aldeas\/","title":{"rendered":"Alianza para el Desarrollo Econ\u00f3mico, Ambiental y Social \u2013 ALDEAS"},"content":{"rendered":"\n<ul class=\"wp-block-list\">\n<li>La alianza es liderada por la Asociaci\u00f3n Colombiana de Productores y Proveedores de Az\u00facar \u2013 Proca\u00f1a y las fundaciones Caicedo Gonz\u00e1lez, Riopaila Castilla, El Amparo y Mariana Hoyos de Guti\u00e9rrez.<\/li>\n\n\n\n<li>Cuatro ejes de intervenci\u00f3n: agricultura familiar y seguridad alimentaria, fortalecimiento productivo y econ\u00f3mico, promoci\u00f3n y prevenci\u00f3n en salud y desarrollo del capital humano.<\/li>\n<\/ul>\n\n\n\n<p>ALDEAS es una iniciativa que busca impulsar condiciones sociales para el desarrollo de los vallecaucanos y caucanos, integrando y poniendo al servicio el desarrollo sostenible en la regi\u00f3n, las experiencias, conocimientos y talentos de los proveedores de ca\u00f1a y los equipos de trabajo de las tres fundaciones que hacen parte de la alianza.<\/p>\n\n\n\n<p>Este a\u00f1o ha beneficiado a <strong>1.100 <\/strong>familias de Candelaria, Florida, Palmira, Pradera, Guacar\u00ed, Bugalagrande y Zarzal en el Valle del Cauca, y de Corinto, Miranda, Guachen\u00e9 y Padilla en el Cauca.<\/p>\n\n\n\n<p>Ejes de intervenci\u00f3n de la Alianza:<\/p>\n\n\n\n<p>&nbsp;<strong>Agricultura familiar y seguridad alimentaria<\/strong> con huertas familiares sostenibles, acompa\u00f1amiento en desarrollo de cultivos, formaci\u00f3n y acompa\u00f1amiento en asistencia t\u00e9cnica, entre otros.<\/p>\n\n\n\n<p>\u00b7 &nbsp; &nbsp; &nbsp; &nbsp; <strong>Fortalecimiento productivo y econ\u00f3mico <\/strong>para dinamizar el sector productivo local y subregional, implementando acciones para fomentar el comercio y la competitividad de cadenas productivas y organizaciones sociales con fines productivos.<\/p>\n\n\n\n<p>\u00b7 &nbsp; &nbsp; &nbsp; &nbsp; <strong>Promoci\u00f3n y prevenci\u00f3n en salud<\/strong> con gesti\u00f3n de procesos educativos y de orientaci\u00f3n para el establecimiento de h\u00e1bitos de vida saludable, nutrici\u00f3n y salud mental y reproductiva, dirigidos especialmente a la poblaci\u00f3n infantil, j\u00f3venes y adolescentes en cuanto a mejorar el desarrollo del cuidado de su salud.&nbsp;<\/p>\n\n\n\n<p>\u00b7 &nbsp; &nbsp; &nbsp; &nbsp; <strong>Desarrollo del capital humano<\/strong>, a trav\u00e9s de una oferta educativa pertinente a la vocaci\u00f3n de los territorios, para avanzar en la ampliaci\u00f3n de oportunidades de desarrollo de esta poblaci\u00f3n.<\/p>\n\n\n\n<p><strong>El concepto ALDEAS, re\u00fane caracter\u00edsticas que definen esta alianza: uni\u00f3n de conocimientos y talentos, trabajo en equipo y ayuda a la comunidad<\/strong>.<\/p>\n\n\n\n<p><strong> ALDEAS proyecta beneficiar a 5.000 familias del Valle del Cauca y Cauca. Para unirse a ALDEAS puede escribir al correo: servicios@procana.org o llamar al celular 310 8259113<\/strong><\/p>\n\n\n\n<p>Mire video aqu\u00ed: <\/p>\n\n\n\n<figure class=\"wp-block-embed is-type-video is-provider-youtube wp-block-embed-youtube wp-embed-aspect-16-9 wp-has-aspect-ratio\"><div class=\"wp-block-embed__wrapper\">\n<iframe loading=\"lazy\" title=\"Alianza para el Desarrollo Econ\u00f3mico, Ambiental y Social - ALDEAS\" width=\"1080\" height=\"608\" src=\"https:\/\/www.youtube.com\/embed\/mRNEfIAKsVY?feature=oembed\"  allow=\"accelerometer; autoplay; clipboard-write; encrypted-media; gyroscope; picture-in-picture; web-share\" allowfullscreen><\/iframe>\n<\/div><\/figure>\n","protected":false},"excerpt":{"rendered":"<p>ALDEAS es una iniciativa que busca impulsar condiciones sociales para el desarrollo de los vallecaucanos y caucanos, integrando y poniendo al servicio el desarrollo sostenible en la regi\u00f3n, las experiencias, conocimientos y talentos de los proveedores de ca\u00f1a y los equipos de trabajo de las tres fundaciones que hacen parte de la alianza. Este a\u00f1o [&hellip;]<\/p>\n","protected":false},"author":442,"featured_media":5204,"comment_status":"open","ping_status":"open","sticky":false,"template":"","format":"standard","meta":{"_et_pb_use_builder":"","_et_pb_old_content":"","_et_gb_content_width":"","footnotes":""},"categories":[9,10],"tags":[],"class_list":["post-5203","post","type-post","status-publish","format-standard","has-post-thumbnail","hentry","category-revista","category-revista-principal"],"_links":{"self":[{"href":"https:\/\/procana.org\/site\/wp-json\/wp\/v2\/posts\/5203","targetHints":{"allow":["GET"]}}],"collection":[{"href":"https:\/\/procana.org\/site\/wp-json\/wp\/v2\/posts"}],"about":[{"href":"https:\/\/procana.org\/site\/wp-json\/wp\/v2\/types\/post"}],"author":[{"embeddable":true,"href":"https:\/\/procana.org\/site\/wp-json\/wp\/v2\/users\/442"}],"replies":[{"embeddable":true,"href":"https:\/\/procana.org\/site\/wp-json\/wp\/v2\/comments?post=5203"}],"version-history":[{"count":3,"href":"https:\/\/procana.org\/site\/wp-json\/wp\/v2\/posts\/5203\/revisions"}],"predecessor-version":[{"id":6136,"href":"https:\/\/procana.org\/site\/wp-json\/wp\/v2\/posts\/5203\/revisions\/6136"}],"wp:featuredmedia":[{"embeddable":true,"href":"https:\/\/procana.org\/site\/wp-json\/wp\/v2\/media\/5204"}],"wp:attachment":[{"href":"https:\/\/procana.org\/site\/wp-json\/wp\/v2\/media?parent=5203"}],"wp:term":[{"taxonomy":"category","embeddable":true,"href":"https:\/\/procana.org\/site\/wp-json\/wp\/v2\/categories?post=5203"},{"taxonomy":"post_tag","embeddable":true,"href":"https:\/\/procana.org\/site\/wp-json\/wp\/v2\/tags?post=5203"}],"curies":[{"name":"wp","href":"https:\/\/api.w.org\/{rel}","templated":true}]}}