{"id":5106,"date":"2022-11-23T16:15:50","date_gmt":"2022-11-23T21:15:50","guid":{"rendered":"https:\/\/procana.org\/site\/?p=5106"},"modified":"2022-11-23T16:30:36","modified_gmt":"2022-11-23T21:30:36","slug":"impacto-de-la-reforma-tributaria-al-sector-agropecuario-con-enfasis-en-la-cana","status":"publish","type":"post","link":"https:\/\/procana.org\/site\/impacto-de-la-reforma-tributaria-al-sector-agropecuario-con-enfasis-en-la-cana\/","title":{"rendered":"<strong>Impacto de la Reforma Tributaria al sector agropecuario con \u00e9nfasis en la ca\u00f1a<\/strong>"},"content":{"rendered":"\n<p>Proca\u00f1a realiz\u00f3 un Seminario para socializar los aspectos claves de la Reforma Tributaria que empezar\u00e1 a aplicarse en el 2023. Esto es lo que debe saber seg\u00fan el experto tributario, Tulio Restrepo.&nbsp;<\/p>\n\n\n\n<ol class=\"wp-block-list\">\n<li><strong>Impuestos saludables:<\/strong> Se empezar\u00e1n a aplicar desde noviembre del 2023.<\/li>\n<\/ol>\n\n\n\n<p><strong>Bebidas azucaradas<\/strong>: Estar\u00e1n gravadas de la siguiente manera:<\/p>\n\n\n\n<figure class=\"wp-block-image size-large\"><img loading=\"lazy\" decoding=\"async\" width=\"1024\" height=\"183\" src=\"https:\/\/procana.org\/site\/wp-content\/uploads\/2022\/11\/Sin-titulo-1024x183.png\" alt=\"\" class=\"wp-image-5107\"\/><\/figure>\n\n\n\n<ul class=\"wp-block-list\">\n<li><strong>Alimentos ultraprocesados:&nbsp;<\/strong>La tarifa del impuesto ser\u00e1 del 10% para el a\u00f1o 2023, 15% para el 2024 y 20% a partir del 2025. No tendr\u00e1n impuesto: leche, yogur, queso, pan, chocolate y frutos secos.<\/li>\n<\/ul>\n\n\n\n<p>2. <strong>Impuesto al Patrimonio:<\/strong> <\/p>\n\n\n\n<figure class=\"wp-block-image size-full\"><img loading=\"lazy\" decoding=\"async\" width=\"836\" height=\"159\" src=\"https:\/\/procana.org\/site\/wp-content\/uploads\/2022\/11\/Sin-titulo-1-.png\" alt=\"\" class=\"wp-image-5108\"\/><\/figure>\n\n\n\n<ul class=\"wp-block-list\">\n<li>La tarifa de 1.5% para patrimonios mayores a 10.000 millones de pesos ser\u00e1 transitoria por cuatro a\u00f1os. Esto quiere decir que, pasado los cuatro a\u00f1os, la tarifa bajar\u00e1 a 1.0 %.<\/li>\n<\/ul>\n\n\n\n<p>3. <strong>Dividendos:<\/strong><\/p>\n\n\n\n<ul class=\"wp-block-list\">\n<li>Este impuesto se aplicar\u00e1 para personas nacionales y extranjeras con una tarifa general del 20%.&nbsp;<\/li>\n<\/ul>\n\n\n\n<p>4. <strong>Ganancia ocasional:<\/strong><\/p>\n\n\n\n<ul class=\"wp-block-list\">\n<li>Tuvo un aumento significativo, pas\u00f3 de estar en el 10% al 15%.<\/li>\n<\/ul>\n\n\n\n<p>5. <strong>Impacto en personas naturales:<\/strong><\/p>\n\n\n\n<ul class=\"wp-block-list\">\n<li>Las personas naturales tendr\u00e1n que pagar m\u00e1s impuestos dentro del estatuto tributario porque se reducen los beneficios de renta exenta y deducible.&nbsp;&nbsp;<\/li>\n<\/ul>\n\n\n\n<p>6. <strong>Impacto en personas jur\u00eddicas:&nbsp;<\/strong><\/p>\n\n\n\n<ul class=\"wp-block-list\">\n<li>La tarifa de renta qued\u00f3 en 35%.<\/li>\n\n\n\n<li>Sector hidrocarburos (carb\u00f3n y petr\u00f3leo): puede llegar hasta el 50%.<\/li>\n\n\n\n<li>Sector financiero: 40%.<\/li>\n\n\n\n<li>Sector de la generaci\u00f3n de energ\u00eda el\u00e9ctrica h\u00eddrica:&nbsp; 38%<\/li>\n\n\n\n<li>Sector turismo: 15%<\/li>\n<\/ul>\n\n\n\n<p><strong>NOTA:<\/strong><\/p>\n\n\n\n<p><strong>Renta exenta:<\/strong> Ingresos fiscales que no est\u00e1n sujetos al impuesto de renta porque tiene tarifa del 0% en el estatuto tributario.<br><strong>Renta deducible:<\/strong> Gastos que se restan en la Declaraci\u00f3n de Renta por pagos del contribuyente durante el a\u00f1o gravable.&nbsp;<\/p>\n","protected":false},"excerpt":{"rendered":"<p>Proca\u00f1a realiz\u00f3 un Seminario para socializar los aspectos claves de la Reforma Tributaria que empezar\u00e1 a aplicarse en el 2023. Esto es lo que debe saber seg\u00fan el experto tributario, Tulio Restrepo.&nbsp; Bebidas azucaradas: Estar\u00e1n gravadas de la siguiente manera: 2. Impuesto al Patrimonio: 3. Dividendos: 4. Ganancia ocasional: 5. Impacto en personas naturales: 6. [&hellip;]<\/p>\n","protected":false},"author":442,"featured_media":5109,"comment_status":"open","ping_status":"open","sticky":false,"template":"","format":"standard","meta":{"_et_pb_use_builder":"","_et_pb_old_content":"","_et_gb_content_width":"","footnotes":""},"categories":[9,10],"tags":[],"class_list":["post-5106","post","type-post","status-publish","format-standard","has-post-thumbnail","hentry","category-revista","category-revista-principal"],"_links":{"self":[{"href":"https:\/\/procana.org\/site\/wp-json\/wp\/v2\/posts\/5106","targetHints":{"allow":["GET"]}}],"collection":[{"href":"https:\/\/procana.org\/site\/wp-json\/wp\/v2\/posts"}],"about":[{"href":"https:\/\/procana.org\/site\/wp-json\/wp\/v2\/types\/post"}],"author":[{"embeddable":true,"href":"https:\/\/procana.org\/site\/wp-json\/wp\/v2\/users\/442"}],"replies":[{"embeddable":true,"href":"https:\/\/procana.org\/site\/wp-json\/wp\/v2\/comments?post=5106"}],"version-history":[{"count":2,"href":"https:\/\/procana.org\/site\/wp-json\/wp\/v2\/posts\/5106\/revisions"}],"predecessor-version":[{"id":5115,"href":"https:\/\/procana.org\/site\/wp-json\/wp\/v2\/posts\/5106\/revisions\/5115"}],"wp:featuredmedia":[{"embeddable":true,"href":"https:\/\/procana.org\/site\/wp-json\/wp\/v2\/media\/5109"}],"wp:attachment":[{"href":"https:\/\/procana.org\/site\/wp-json\/wp\/v2\/media?parent=5106"}],"wp:term":[{"taxonomy":"category","embeddable":true,"href":"https:\/\/procana.org\/site\/wp-json\/wp\/v2\/categories?post=5106"},{"taxonomy":"post_tag","embeddable":true,"href":"https:\/\/procana.org\/site\/wp-json\/wp\/v2\/tags?post=5106"}],"curies":[{"name":"wp","href":"https:\/\/api.w.org\/{rel}","templated":true}]}}