{"id":5103,"date":"2022-11-23T15:56:53","date_gmt":"2022-11-23T20:56:53","guid":{"rendered":"https:\/\/procana.org\/site\/?p=5103"},"modified":"2022-11-23T16:27:47","modified_gmt":"2022-11-23T21:27:47","slug":"las-lluvias-continuaran-durante-diciembre-debido-a-la-nina","status":"publish","type":"post","link":"https:\/\/procana.org\/site\/las-lluvias-continuaran-durante-diciembre-debido-a-la-nina\/","title":{"rendered":"<strong>Las lluvias continuar\u00e1n durante diciembre debido a \u2018La Ni\u00f1a\u2019<\/strong>"},"content":{"rendered":"\n<h4 class=\"wp-block-heading\">Las condiciones de este fen\u00f3meno continuar\u00e1n hasta el fin de a\u00f1o, con un 91% de probabilidad, disminuyendo a un 54% durante enero-marzo de 2023. Vale la pena destacar que la intensidad de las lluvias se deber\u00e1 al cruce de \u2018La Ni\u00f1a\u2019 con la \u00faltima temporada de lluvias del 2022.<\/h4>\n\n\n\n<p>Fuente: CVC<\/p>\n\n\n\n<p>Desde el mes de agosto, el Instituto Internacional de Investigaci\u00f3n para Clima y Sociedad (IRI por sus siglas en ingl\u00e9s) alert\u00f3 que el fen\u00f3meno de \u2018La Ni\u00f1a\u2019 se mantendr\u00eda, con una probabilidad moderada durante septiembre-noviembre de 2022. La neutralidad de este fen\u00f3meno se har\u00e1 m\u00e1s probable entre enero y marzo de 2023. Sin embargo, la segunda temporada de lluvias del periodo septiembre-diciembre est\u00e1 favoreciendo un sustancial incremento de las precipitaciones, precisamente por su influencia.<\/p>\n\n\n\n<p>Las precipitaciones han venido siendo mayores en cantidad e intensidad y el pico m\u00e1ximo se vio fuertemente a finales del mes pasado, pero continuar\u00e1 durante diciembre. Dado este panorama, las amenazas se ir\u00e1n potenciando por la saturaci\u00f3n de los suelos y el aumento de los caudales en todas las corrientes.<\/p>\n\n\n\n<p>De acuerdo con el an\u00e1lisis de los datos registrados por la red de monitoreo hidroclimatol\u00f3gico de la CVC, se concluy\u00f3 que se completaron 21 meses con lluvias por encima de la media hist\u00f3rica en la regi\u00f3n, incluida el \u00e1rea de influencia del norte del departamento del Cauca.&nbsp;<\/p>\n\n\n\n<p>Tal situaci\u00f3n ha afectado los suelos, especialmente al norte del Departamento, con derrumbes y deslizamientos que se han presentado inclusive durante la temporada de menos lluvias.&nbsp;<\/p>\n\n\n\n<p>Las otras zonas del Valle donde hubo lluvias por encima de los valores promedios fueron las cuencas de los r\u00edos Bugalagrande, La Paila y la zona sur de la cuenca del r\u00edo La Vieja, as\u00ed como los municipios de Bugalagrande, Zarzal y Sevilla. Igualmente, se presentan excesos en las cuencas de Lili\u00ad-Mel\u00e9ndez-Ca\u00f1averalejo, Cali, Arroyohondo, Guachal y Desbaratado, que abarcan los municipios de Santiago de Cali, Yumbo y Candelaria. Vale la pena destacar la cr\u00edtica situaci\u00f3n en la regi\u00f3n Pac\u00edfica del departamento, con grandes estragos ocurridos en la v\u00eda que comunica a Dagua con Buenaventura.<\/p>\n\n\n\n<p>La CVC alerta sobre la amenaza que se debe considerar con las descargas el\u00e9ctricas, que afectan a las personas que est\u00e9n en campos abiertos realizando actividades deportivas o de trabajo, como la pecuaria. Por lo tanto, recomienda a los ciudadanos y a las entidades la aplicaci\u00f3n de medidas pertinentes para no verse afectados por dicha amenaza y buscar refugio en zonas seguras.<\/p>\n","protected":false},"excerpt":{"rendered":"<p>Las condiciones de este fen\u00f3meno continuar\u00e1n hasta el fin de a\u00f1o, con un 91% de probabilidad, disminuyendo a un 54% durante enero-marzo de 2023. Vale la pena destacar que la intensidad de las lluvias se deber\u00e1 al cruce de \u2018La Ni\u00f1a\u2019 con la \u00faltima temporada de lluvias del 2022. Fuente: CVC Desde el mes de [&hellip;]<\/p>\n","protected":false},"author":442,"featured_media":5104,"comment_status":"open","ping_status":"open","sticky":false,"template":"","format":"standard","meta":{"_et_pb_use_builder":"","_et_pb_old_content":"","_et_gb_content_width":"","footnotes":""},"categories":[9,10],"tags":[],"class_list":["post-5103","post","type-post","status-publish","format-standard","has-post-thumbnail","hentry","category-revista","category-revista-principal"],"_links":{"self":[{"href":"https:\/\/procana.org\/site\/wp-json\/wp\/v2\/posts\/5103","targetHints":{"allow":["GET"]}}],"collection":[{"href":"https:\/\/procana.org\/site\/wp-json\/wp\/v2\/posts"}],"about":[{"href":"https:\/\/procana.org\/site\/wp-json\/wp\/v2\/types\/post"}],"author":[{"embeddable":true,"href":"https:\/\/procana.org\/site\/wp-json\/wp\/v2\/users\/442"}],"replies":[{"embeddable":true,"href":"https:\/\/procana.org\/site\/wp-json\/wp\/v2\/comments?post=5103"}],"version-history":[{"count":1,"href":"https:\/\/procana.org\/site\/wp-json\/wp\/v2\/posts\/5103\/revisions"}],"predecessor-version":[{"id":5105,"href":"https:\/\/procana.org\/site\/wp-json\/wp\/v2\/posts\/5103\/revisions\/5105"}],"wp:featuredmedia":[{"embeddable":true,"href":"https:\/\/procana.org\/site\/wp-json\/wp\/v2\/media\/5104"}],"wp:attachment":[{"href":"https:\/\/procana.org\/site\/wp-json\/wp\/v2\/media?parent=5103"}],"wp:term":[{"taxonomy":"category","embeddable":true,"href":"https:\/\/procana.org\/site\/wp-json\/wp\/v2\/categories?post=5103"},{"taxonomy":"post_tag","embeddable":true,"href":"https:\/\/procana.org\/site\/wp-json\/wp\/v2\/tags?post=5103"}],"curies":[{"name":"wp","href":"https:\/\/api.w.org\/{rel}","templated":true}]}}