{"id":5061,"date":"2022-11-15T11:24:56","date_gmt":"2022-11-15T16:24:56","guid":{"rendered":"https:\/\/procana.org\/site\/?p=5061"},"modified":"2024-11-15T15:08:59","modified_gmt":"2024-11-15T20:08:59","slug":"recomendaciones-para-afrontar-la-temporada-de-lluvias","status":"publish","type":"post","link":"https:\/\/procana.org\/site\/recomendaciones-para-afrontar-la-temporada-de-lluvias\/","title":{"rendered":"Recomendaciones para afrontar la temporada de lluvias."},"content":{"rendered":"\n<h3 class=\"wp-block-heading\"><strong>Proca\u00f1a entrega recomendaciones valiosas para afrontar el periodo de lluvias<\/strong><\/h3>\n\n\n\n<p>Las precipitaciones en los municipios de la regi\u00f3n pueden afectar los cultivos de ca\u00f1a por diversos factores como: fuertes lluvias, vientos, crecientes s\u00fabitas, empalizadas, derrumbes, debido a la saturaci\u00f3n de los suelos, deslizamientos, represamientos y crecientes de r\u00edos. <\/p>\n\n\n\n<p>Es importante mantener el monitoreo de los cuerpos h\u00eddricos y trabajar de la mano con los equipos t\u00e9cnicos de los ingenios para reportar de manera oportuna a las autoridades competentes, las anomal\u00edas para prevenir y actuar frente a cualquier tipo de emergencias. De igual forma si en alg\u00fan momento tiene alguna afectaci\u00f3n por este fen\u00f3meno, reporte a Proca\u00f1a, de esta manera el gremio podr\u00e1 brindar apoyo en las gestiones de los seguros agropecuarios. <\/p>\n\n\n\n<p>El gremio recomienda a los productores tener en cuenta las siguientes actividades que ayudan a mitigar los riesgos producto de las lluvias:<\/p>\n\n\n\n<figure class=\"wp-block-image aligncenter size-full\"><img loading=\"lazy\" decoding=\"async\" width=\"609\" height=\"794\" src=\"https:\/\/procana.org\/site\/wp-content\/uploads\/2022\/11\/ART-LLUVIAS.jpg\" alt=\"RECOMENDACIONES DADAS POR PROCA\u00d1A PARA EL CUIDADO DEL CULTIVO DE CA\u00d1A DE AZUCAR EN \u00c9POCA DE LLUVIAS - INVIERNO\" class=\"wp-image-5062\"\/><figcaption class=\"wp-element-caption\">Medidas preventivas y de control.<\/figcaption><\/figure>\n\n\n\n<p><br><\/p>\n","protected":false},"excerpt":{"rendered":"<p>PROCA\u00d1A RECOMIENDA EN \u00c9POCA DE INVIERNO PARA EL CULTIVO DE CA\u00d1A DE AZ\u00daCAR<\/p>\n","protected":false},"author":442,"featured_media":5063,"comment_status":"open","ping_status":"open","sticky":false,"template":"","format":"standard","meta":{"_et_pb_use_builder":"","_et_pb_old_content":"","_et_gb_content_width":"","footnotes":""},"categories":[9,10],"tags":[],"class_list":["post-5061","post","type-post","status-publish","format-standard","has-post-thumbnail","hentry","category-revista","category-revista-principal"],"_links":{"self":[{"href":"https:\/\/procana.org\/site\/wp-json\/wp\/v2\/posts\/5061","targetHints":{"allow":["GET"]}}],"collection":[{"href":"https:\/\/procana.org\/site\/wp-json\/wp\/v2\/posts"}],"about":[{"href":"https:\/\/procana.org\/site\/wp-json\/wp\/v2\/types\/post"}],"author":[{"embeddable":true,"href":"https:\/\/procana.org\/site\/wp-json\/wp\/v2\/users\/442"}],"replies":[{"embeddable":true,"href":"https:\/\/procana.org\/site\/wp-json\/wp\/v2\/comments?post=5061"}],"version-history":[{"count":3,"href":"https:\/\/procana.org\/site\/wp-json\/wp\/v2\/posts\/5061\/revisions"}],"predecessor-version":[{"id":8481,"href":"https:\/\/procana.org\/site\/wp-json\/wp\/v2\/posts\/5061\/revisions\/8481"}],"wp:featuredmedia":[{"embeddable":true,"href":"https:\/\/procana.org\/site\/wp-json\/wp\/v2\/media\/5063"}],"wp:attachment":[{"href":"https:\/\/procana.org\/site\/wp-json\/wp\/v2\/media?parent=5061"}],"wp:term":[{"taxonomy":"category","embeddable":true,"href":"https:\/\/procana.org\/site\/wp-json\/wp\/v2\/categories?post=5061"},{"taxonomy":"post_tag","embeddable":true,"href":"https:\/\/procana.org\/site\/wp-json\/wp\/v2\/tags?post=5061"}],"curies":[{"name":"wp","href":"https:\/\/api.w.org\/{rel}","templated":true}]}}