{"id":5021,"date":"2022-10-31T15:59:22","date_gmt":"2022-10-31T20:59:22","guid":{"rendered":"https:\/\/procana.org\/site\/?p=5021"},"modified":"2022-11-01T15:20:04","modified_gmt":"2022-11-01T20:20:04","slug":"cuarta-siembra-liderada-por-el-grupo-de-jovenes-de-procana","status":"publish","type":"post","link":"https:\/\/procana.org\/site\/cuarta-siembra-liderada-por-el-grupo-de-jovenes-de-procana\/","title":{"rendered":"Cuarta Siembra liderada por el grupo de J\u00f3venes de Proca\u00f1a"},"content":{"rendered":"\n<p>El pasado 28 de octubre se realiz\u00f3 la cuarta jornada de Sembrat\u00f3n en la finca Los Ranchos en Florida Valle del Cauca, esta actividad fue liderada por Adriana Guzm\u00e1n en compa\u00f1\u00eda de algunos afiliados pertenecientes al grupo de Nuevas Generaciones de Proca\u00f1a.<\/p>\n\n\n\n<p>Esta jornada cont\u00f3 con el apoyo del Ej\u00e9rcito Nacional, Ecoaguas, la asociaci\u00f3n de r\u00edos Asofrayle quienes donaron 60 \u00e1rboles nativos, m\u00e1s los 10 \u00e1rboles entregados por la due\u00f1a del predio Silvia Vera, entre los que se destacaron Guayac\u00e1n rosado, Guayac\u00e1n amarillo y Floramarillo. Tambi\u00e9n, el Ingenio RioPaila Castilla apoy\u00f3 en la parte de log\u00edstica ya que esta finca se encuentra en contrato por cuentas en participaci\u00f3n lo que significa que el ingenio es el encargado de la propiedad y las labores que all\u00ed se realizan. <\/p>\n\n\n\n<p>Con estos nuevos \u00e1rboles sembrados podemos decir que llevamos 5.201 \u00e1rboles, poco a poco nos vamos acercando a la meta de sembrar 10.000 mil \u00e1rboles en estos pr\u00f3ximos 5 a\u00f1os.<\/p>\n\n\n\n<figure class=\"wp-block-image size-large\"><img loading=\"lazy\" decoding=\"async\" width=\"1024\" height=\"768\" src=\"https:\/\/procana.org\/site\/wp-content\/uploads\/2022\/10\/IMG_8627-1024x768.jpeg\" alt=\"\" class=\"wp-image-5023\"\/><\/figure>\n\n\n\n<p>Adriana Guzm\u00e1n l\u00edder de la Sembrat\u00f3n y Proca\u00f1a extendemos la invitaci\u00f3n a participar en estas jornadas, reiteramos que no los agricultores de ca\u00f1a que tengan contrato en cuentas en participaci\u00f3n con un ingenio tambi\u00e9n pueden participar, s\u00f3lo debe realizar una planeaci\u00f3n previa con el ingenio. <\/p>\n\n\n\n<p>Si desea unirse a esta labor en este link: https:\/\/forms.gle\/TRQQhKdxaeyg5g757<\/p>\n\n\n\n<p>O comun\u00edquese directamente con nosotros: 312 6045504 &#8211; Servicios gremiales Proca\u00f1a<\/p>\n","protected":false},"excerpt":{"rendered":"<p>El pasado 28 de octubre se realiz\u00f3 la cuarta jornada de Sembrat\u00f3n en la finca Los Ranchos en Florida Valle del Cauca, esta actividad fue liderada por Adriana Guzm\u00e1n en compa\u00f1\u00eda de algunos afiliados pertenecientes al grupo de Nuevas Generaciones de Proca\u00f1a. Esta jornada cont\u00f3 con el apoyo del Ej\u00e9rcito Nacional, Ecoaguas, la asociaci\u00f3n de [&hellip;]<\/p>\n","protected":false},"author":442,"featured_media":5022,"comment_status":"open","ping_status":"open","sticky":false,"template":"","format":"standard","meta":{"_et_pb_use_builder":"","_et_pb_old_content":"","_et_gb_content_width":"","footnotes":""},"categories":[4,6],"tags":[],"class_list":["post-5021","post","type-post","status-publish","format-standard","has-post-thumbnail","hentry","category-noticias","category-noticias-en-general"],"_links":{"self":[{"href":"https:\/\/procana.org\/site\/wp-json\/wp\/v2\/posts\/5021","targetHints":{"allow":["GET"]}}],"collection":[{"href":"https:\/\/procana.org\/site\/wp-json\/wp\/v2\/posts"}],"about":[{"href":"https:\/\/procana.org\/site\/wp-json\/wp\/v2\/types\/post"}],"author":[{"embeddable":true,"href":"https:\/\/procana.org\/site\/wp-json\/wp\/v2\/users\/442"}],"replies":[{"embeddable":true,"href":"https:\/\/procana.org\/site\/wp-json\/wp\/v2\/comments?post=5021"}],"version-history":[{"count":2,"href":"https:\/\/procana.org\/site\/wp-json\/wp\/v2\/posts\/5021\/revisions"}],"predecessor-version":[{"id":5029,"href":"https:\/\/procana.org\/site\/wp-json\/wp\/v2\/posts\/5021\/revisions\/5029"}],"wp:featuredmedia":[{"embeddable":true,"href":"https:\/\/procana.org\/site\/wp-json\/wp\/v2\/media\/5022"}],"wp:attachment":[{"href":"https:\/\/procana.org\/site\/wp-json\/wp\/v2\/media?parent=5021"}],"wp:term":[{"taxonomy":"category","embeddable":true,"href":"https:\/\/procana.org\/site\/wp-json\/wp\/v2\/categories?post=5021"},{"taxonomy":"post_tag","embeddable":true,"href":"https:\/\/procana.org\/site\/wp-json\/wp\/v2\/tags?post=5021"}],"curies":[{"name":"wp","href":"https:\/\/api.w.org\/{rel}","templated":true}]}}