{"id":4760,"date":"2022-08-16T11:16:52","date_gmt":"2022-08-16T16:16:52","guid":{"rendered":"https:\/\/procana.org\/site\/?p=4760"},"modified":"2022-08-16T11:16:54","modified_gmt":"2022-08-16T16:16:54","slug":"el-azucar-con-la-educacion-alimentaria-y-nutricional","status":"publish","type":"post","link":"https:\/\/procana.org\/site\/el-azucar-con-la-educacion-alimentaria-y-nutricional\/","title":{"rendered":"El az\u00facar con la educaci\u00f3n alimentaria y nutricional\u00a0"},"content":{"rendered":"\n<p>Fuente: Asoca\u00f1a<\/p>\n\n\n\n<p><strong>El az\u00facar es el alimento que por a\u00f1os ha sido el motor de nuestra industria, de nuestra regi\u00f3n. Est\u00e1 presente en todos los hogares colombianos, lo llevamos en la sangre y por ello nos sentimos orgullosos de cada grano de az\u00facar que producimos<\/strong><\/p>\n\n\n\n<p>Lograr que las familias colombianas sigan disfrutando del az\u00facar 100% natural a partir de un consumo con balance, es una meta que nos hemos trazado como sector, por ello, en el marco de nuestra responsabilidad social hemos emprendido una estrategia de educaci\u00f3n alimentaria y nutricional denominada \u201cAz\u00facar con Balance\u201d.<\/p>\n\n\n\n<p>\u201cAz\u00facar con Balance\u201d es una estrategia de Asoca\u00f1a y sus ingenios afiliados en el marco de su responsabilidad social empresarial, que propende por la buena salud de todos los colombianos, basada en los lineamientos de la pol\u00edtica p\u00fablica de seguridad alimentaria y nutricional del pa\u00eds. Esta iniciativa no es una campa\u00f1a publicitaria, es una estrategia educativa de largo plazo, que promueve estilos de vida saludables, con base en informaci\u00f3n t\u00e9cnica y cient\u00edfica, de forma tal que los consumidores y partes interesadas, tomen decisiones y posiciones informadas.<\/p>\n\n\n\n<p>As\u00ed mismo, ense\u00f1a a los colombianos c\u00f3mo alimentarse saludablemente, sin privarse del dulce sabor del az\u00facar, basados en las Gu\u00edas Alimentarias Colombianas del ICBF, 2016. A lo largo de la ruta pedag\u00f3gica establecida para la estrategia, se activan acciones de informaci\u00f3n para desvirtuar mitos y transformar los imaginarios negativos o falsos frente al consumo del alimento az\u00facar.<\/p>\n\n\n\n<p>Az\u00facar con balance se desarrolla en varias etapas, las cuales marcan un camino para establecer patrones de alimentaci\u00f3n consciente e informada. Aplica las t\u00e9cnicas pedag\u00f3gicas de escucha, aprendizaje multivivencial, l\u00f3gico-sensitivo, construcci\u00f3n de herramientas educativas integradas y validaciones pedag\u00f3gicas, entre otros. Asimismo, utiliza canales de comunicaci\u00f3n y acciones pedag\u00f3gicas innovadoras para llegar a todos los hogares colombianos.<\/p>\n\n\n\n<p>\u201cAz\u00facar con Balance\u201d, nos motiva a hablar acerca del az\u00facar, un producto 100% natural, que consumido con balance hace parte de la vida cotidiana de las familias colombianas y nos permite disfrutar del dulce sabor de la vida.<\/p>\n","protected":false},"excerpt":{"rendered":"<p>Fuente: Asoca\u00f1a El az\u00facar es el alimento que por a\u00f1os ha sido el motor de nuestra industria, de nuestra regi\u00f3n. Est\u00e1 presente en todos los hogares colombianos, lo llevamos en la sangre y por ello nos sentimos orgullosos de cada grano de az\u00facar que producimos Lograr que las familias colombianas sigan disfrutando del az\u00facar 100% [&hellip;]<\/p>\n","protected":false},"author":442,"featured_media":4761,"comment_status":"open","ping_status":"open","sticky":false,"template":"","format":"standard","meta":{"_et_pb_use_builder":"","_et_pb_old_content":"","_et_gb_content_width":"","footnotes":""},"categories":[9,11],"tags":[],"class_list":["post-4760","post","type-post","status-publish","format-standard","has-post-thumbnail","hentry","category-revista","category-revista-general"],"_links":{"self":[{"href":"https:\/\/procana.org\/site\/wp-json\/wp\/v2\/posts\/4760","targetHints":{"allow":["GET"]}}],"collection":[{"href":"https:\/\/procana.org\/site\/wp-json\/wp\/v2\/posts"}],"about":[{"href":"https:\/\/procana.org\/site\/wp-json\/wp\/v2\/types\/post"}],"author":[{"embeddable":true,"href":"https:\/\/procana.org\/site\/wp-json\/wp\/v2\/users\/442"}],"replies":[{"embeddable":true,"href":"https:\/\/procana.org\/site\/wp-json\/wp\/v2\/comments?post=4760"}],"version-history":[{"count":1,"href":"https:\/\/procana.org\/site\/wp-json\/wp\/v2\/posts\/4760\/revisions"}],"predecessor-version":[{"id":4762,"href":"https:\/\/procana.org\/site\/wp-json\/wp\/v2\/posts\/4760\/revisions\/4762"}],"wp:featuredmedia":[{"embeddable":true,"href":"https:\/\/procana.org\/site\/wp-json\/wp\/v2\/media\/4761"}],"wp:attachment":[{"href":"https:\/\/procana.org\/site\/wp-json\/wp\/v2\/media?parent=4760"}],"wp:term":[{"taxonomy":"category","embeddable":true,"href":"https:\/\/procana.org\/site\/wp-json\/wp\/v2\/categories?post=4760"},{"taxonomy":"post_tag","embeddable":true,"href":"https:\/\/procana.org\/site\/wp-json\/wp\/v2\/tags?post=4760"}],"curies":[{"name":"wp","href":"https:\/\/api.w.org\/{rel}","templated":true}]}}