{"id":4616,"date":"2022-07-12T16:12:50","date_gmt":"2022-07-12T21:12:50","guid":{"rendered":"https:\/\/procana.org\/site\/?p=4616"},"modified":"2022-07-12T16:16:26","modified_gmt":"2022-07-12T21:16:26","slug":"la-agroindustria-le-apuesta-a-lo-social-fortaleciendo-el-fondo-social","status":"publish","type":"post","link":"https:\/\/procana.org\/site\/la-agroindustria-le-apuesta-a-lo-social-fortaleciendo-el-fondo-social\/","title":{"rendered":"La Agroindustria le apuesta a lo social, fortaleciendo el Fondo Social"},"content":{"rendered":"\n<p>El impacto social que se genera hoy a trav\u00e9s del Fondo Social, se refleja en el progreso de las zonas de la parte alta y sus habitantes, el fortalecimiento de los emprendimientos y las v\u00edas de acceso que permiten que la econom\u00eda local de estos territorios se dinamice.<\/p>\n\n\n\n<p>Razones suficientes para seguir apost\u00e1ndole a este enfoque social, es por eso que Proca\u00f1a comunic\u00f3 en la Asamblea Anual de Proca\u00f1a en reuni\u00f3n del 2 de marzo de 2022, se aprob\u00f3 de manera un\u00e1nime modificar el alcance del Fondo Social y el aumento del aporte del 0,04% al 0.25%.<\/p>\n\n\n\n<p>El aporte anual pasar\u00e1 de 1.556 millones a 9.731 millones de pesos aproximadamente, los cuales ser\u00e1n distribuidos enestrategias para mejora de la reputaci\u00f3n, en v\u00edas terciarias e intervenci\u00f3n en el norte del cauca.<\/p>\n\n\n\n<p>Adicional el Consejo Directivo del Fondo Social, defini\u00f3 un esquema de gobernanza conformado por7 representantes de los Ingenios, 4 representantes de los cultivadores de ca\u00f1a; 2 cultivadores afiliados a Proca\u00f1a, 1 cultivador afiliado a Azucari, y 1 cultivador afiliado a la Junta de Cultivadores de Asoca\u00f1a, el director de Cenica\u00f1a como invitado permanente sin derecho a voto y la presidente de Asoca\u00f1a y directora ejecutiva de Proca\u00f1a que tendr\u00edan voz y no voto.<\/p>\n\n\n\n<figure class=\"wp-block-image aligncenter size-full\"><img loading=\"lazy\" decoding=\"async\" width=\"500\" height=\"329\" src=\"https:\/\/procana.org\/site\/wp-content\/uploads\/2022\/07\/Sin-titulo-1.jpg\" alt=\"\" class=\"wp-image-4617\"\/><\/figure>\n\n\n\n<p>Para dinamizar los procesos y la misi\u00f3n del Fondo Social se definieron unos comit\u00e9s de trabajo por cada eje para operativizar la gesti\u00f3n y lograr aportes y consenso con los diversos actores.<strong>&nbsp; <\/strong>Cada grupo estar\u00e1 conformado por m\u00e1ximo cuatro (4) integrantes representantes de los Ingenios y Cultivadores.<\/p>\n\n\n\n<p><strong>Ejes de Trabajo<\/strong><\/p>\n\n\n\n<figure class=\"wp-block-table\"><table><tbody><tr><td><strong>Estrategia de Reputaci\u00f3n<\/strong><\/td><td><strong>Infraestructura<\/strong><\/td><td><strong>Norte del Cauca<\/strong><\/td><\/tr><tr><td>Desarrollar e implementar una estrategia de posicionamiento, defensa y comunicaci\u00f3n de la importancia del sector agroindustrial de la ca\u00f1a de az\u00facar. El prop\u00f3sito es construir credibilidad y confianza, en aras de convertir al sector en <strong>\u201corgullo nacional\u201d.<\/strong><\/td><td>Continuar con el desarrollo de v\u00edas terciarias que aporten desarrollo econ\u00f3mico y social a las poblaciones cercanas al Sector de la Agroindustria.<\/td><td>Impactar esta regi\u00f3n desde distintos \u00e1mbitos, iniciando con la gesti\u00f3n jur\u00eddica.<\/td><\/tr><\/tbody><\/table><\/figure>\n\n\n\n<p>Es importante tener en cuenta que estos cambios en el direccionamiento se reflejaran en ajustes en los certificados de donaci\u00f3n que se entreguen a partir del 2023.A la fecha la inversi\u00f3n se ha direccionado completamente en v\u00edas, por lo que el 100% es deducible; en este nuevo esquema una parte de las nuevas inversiones se destinar\u00e1n a la defensa jur\u00eddica y posicionamiento reputacional, raz\u00f3n por la cual una parte ser\u00e1 deducible y otra no (seg\u00fan el estatuto tributario). Se estima que, de los aproximadamente 3 mil millones aportados por los cultivadores, el 50% del aporte tendr\u00e1 certificado de donaci\u00f3n generando los respectivos beneficios tributarios.<\/p>\n","protected":false},"excerpt":{"rendered":"<p>El impacto social que se genera hoy a trav\u00e9s del Fondo Social, se refleja en el progreso de las zonas de la parte alta y sus habitantes, el fortalecimiento de los emprendimientos y las v\u00edas de acceso que permiten que la econom\u00eda local de estos territorios se dinamice. Razones suficientes para seguir apost\u00e1ndole a este [&hellip;]<\/p>\n","protected":false},"author":442,"featured_media":4618,"comment_status":"open","ping_status":"open","sticky":false,"template":"","format":"standard","meta":{"_et_pb_use_builder":"","_et_pb_old_content":"","_et_gb_content_width":"","footnotes":""},"categories":[9,10,18],"tags":[],"class_list":["post-4616","post","type-post","status-publish","format-standard","has-post-thumbnail","hentry","category-revista","category-revista-principal","category-revistas"],"_links":{"self":[{"href":"https:\/\/procana.org\/site\/wp-json\/wp\/v2\/posts\/4616","targetHints":{"allow":["GET"]}}],"collection":[{"href":"https:\/\/procana.org\/site\/wp-json\/wp\/v2\/posts"}],"about":[{"href":"https:\/\/procana.org\/site\/wp-json\/wp\/v2\/types\/post"}],"author":[{"embeddable":true,"href":"https:\/\/procana.org\/site\/wp-json\/wp\/v2\/users\/442"}],"replies":[{"embeddable":true,"href":"https:\/\/procana.org\/site\/wp-json\/wp\/v2\/comments?post=4616"}],"version-history":[{"count":2,"href":"https:\/\/procana.org\/site\/wp-json\/wp\/v2\/posts\/4616\/revisions"}],"predecessor-version":[{"id":4620,"href":"https:\/\/procana.org\/site\/wp-json\/wp\/v2\/posts\/4616\/revisions\/4620"}],"wp:featuredmedia":[{"embeddable":true,"href":"https:\/\/procana.org\/site\/wp-json\/wp\/v2\/media\/4618"}],"wp:attachment":[{"href":"https:\/\/procana.org\/site\/wp-json\/wp\/v2\/media?parent=4616"}],"wp:term":[{"taxonomy":"category","embeddable":true,"href":"https:\/\/procana.org\/site\/wp-json\/wp\/v2\/categories?post=4616"},{"taxonomy":"post_tag","embeddable":true,"href":"https:\/\/procana.org\/site\/wp-json\/wp\/v2\/tags?post=4616"}],"curies":[{"name":"wp","href":"https:\/\/api.w.org\/{rel}","templated":true}]}}