{"id":4584,"date":"2022-06-29T11:40:59","date_gmt":"2022-06-29T16:40:59","guid":{"rendered":"https:\/\/procana.org\/site\/?p=4584"},"modified":"2022-06-29T11:41:01","modified_gmt":"2022-06-29T16:41:01","slug":"fortalecimiento-de-capacidades-a-traves-del-programa-de-compromiso-rural","status":"publish","type":"post","link":"https:\/\/procana.org\/site\/fortalecimiento-de-capacidades-a-traves-del-programa-de-compromiso-rural\/","title":{"rendered":"Fortalecimiento de capacidades a trav\u00e9s del programa de compromiso rural"},"content":{"rendered":"\n<p><strong><em>Compromiso rural\u00a0generar\u00e1\u00a0oportunidades de formaci\u00f3n para el trabajo y empleo formal<\/em><\/strong>.<\/p>\n\n\n\n<p>El SENA tiene una oferta en capacitaci\u00f3n de habilidades que fortalecen las capacidades t\u00e9cnicas laborales de los talentos adquiridos en sus fincas y empresas. A trav\u00e9s del programa usted est\u00e1 aportando a su desarrollo t\u00e9cnico y el empleado tiene la opci\u00f3n de certificarse en ellas a trav\u00e9s de un convenio especial del SENA con el apoyo de Cenica\u00f1a, que no tiene costos para quienes est\u00e1n vinculados a Compromiso Rural.<\/p>\n\n\n\n<p>Compromiso Rural es una iniciativa del Gobierno Nacional, a la que Proca\u00f1a Asoca\u00f1a, Azucari, CENICA\u00d1A, SENA e ICBF, hacen parte con el COMPROMISO de cumplir con la generaci\u00f3n de 500 empleos por parte de los proveedores de Ca\u00f1a para los j\u00f3venes de la regi\u00f3n.<\/p>\n\n\n\n<p><strong>Esta es la oportunidad de tener un talento humano en los cultivos y en el \u00e1rea administrativa con competencias t\u00e9cnicas para el trabajo rural, ya que a trav\u00e9s del Sena y con el apoyo t\u00e9cnico de Centro de Investigaci\u00f3n de la Ca\u00f1a, los empleados registrados acceden a capacitaci\u00f3n<\/strong><\/p>\n\n\n\n<p>Necesitamos el compromiso de todos nuestros afiliados para lograr la meta. As\u00ed que los invitamos a registrar a las personas que han vinculado y si a\u00fan no lo han hecho a conocer el proceso de vinculaci\u00f3n. <strong>Escr\u00edbanos a servicios@procana.org<\/strong><\/p>\n\n\n\n<p>Comun\u00edquese con Proca\u00f1a y juntos logremos el compromiso con sus empleados contratados desde agosto de 2021 y con los que desee adquirir en los pr\u00f3ximos meses.<\/p>\n\n\n\n<h3 class=\"wp-block-heading\"><strong>Estos son las condiciones para el acceso al Programa y sus beneficios:<\/strong><\/h3>\n\n\n\n<p>1. Empleos generados desde agosto de 2021<\/p>\n\n\n\n<p>2. Tipo de contrato: indefinido, termino fijo, administrativo, obra o labor dentro del sector en labores de campo o administrativo<\/p>\n\n\n\n<p><strong>M\u00e1s informaci\u00f3n: <\/strong><\/p>\n\n\n\n<p>Alejandra Acebedo: 310 8259113 &#8211; servicios@procana.org <\/p>\n\n\n\n<p>Katherine V\u00e9lez: 311 3678239 &#8211;\u00a0servicios3@procana.org<\/p>\n","protected":false},"excerpt":{"rendered":"<p>Compromiso rural\u00a0generar\u00e1\u00a0oportunidades de formaci\u00f3n para el trabajo y empleo formal. El SENA tiene una oferta en capacitaci\u00f3n de habilidades que fortalecen las capacidades t\u00e9cnicas laborales de los talentos adquiridos en sus fincas y empresas. A trav\u00e9s del programa usted est\u00e1 aportando a su desarrollo t\u00e9cnico y el empleado tiene la opci\u00f3n de certificarse en ellas [&hellip;]<\/p>\n","protected":false},"author":442,"featured_media":4585,"comment_status":"open","ping_status":"open","sticky":false,"template":"","format":"standard","meta":{"_et_pb_use_builder":"","_et_pb_old_content":"","_et_gb_content_width":"","footnotes":""},"categories":[4,6],"tags":[],"class_list":["post-4584","post","type-post","status-publish","format-standard","has-post-thumbnail","hentry","category-noticias","category-noticias-en-general"],"_links":{"self":[{"href":"https:\/\/procana.org\/site\/wp-json\/wp\/v2\/posts\/4584","targetHints":{"allow":["GET"]}}],"collection":[{"href":"https:\/\/procana.org\/site\/wp-json\/wp\/v2\/posts"}],"about":[{"href":"https:\/\/procana.org\/site\/wp-json\/wp\/v2\/types\/post"}],"author":[{"embeddable":true,"href":"https:\/\/procana.org\/site\/wp-json\/wp\/v2\/users\/442"}],"replies":[{"embeddable":true,"href":"https:\/\/procana.org\/site\/wp-json\/wp\/v2\/comments?post=4584"}],"version-history":[{"count":1,"href":"https:\/\/procana.org\/site\/wp-json\/wp\/v2\/posts\/4584\/revisions"}],"predecessor-version":[{"id":4586,"href":"https:\/\/procana.org\/site\/wp-json\/wp\/v2\/posts\/4584\/revisions\/4586"}],"wp:featuredmedia":[{"embeddable":true,"href":"https:\/\/procana.org\/site\/wp-json\/wp\/v2\/media\/4585"}],"wp:attachment":[{"href":"https:\/\/procana.org\/site\/wp-json\/wp\/v2\/media?parent=4584"}],"wp:term":[{"taxonomy":"category","embeddable":true,"href":"https:\/\/procana.org\/site\/wp-json\/wp\/v2\/categories?post=4584"},{"taxonomy":"post_tag","embeddable":true,"href":"https:\/\/procana.org\/site\/wp-json\/wp\/v2\/tags?post=4584"}],"curies":[{"name":"wp","href":"https:\/\/api.w.org\/{rel}","templated":true}]}}