{"id":4569,"date":"2022-06-28T09:20:13","date_gmt":"2022-06-28T14:20:13","guid":{"rendered":"https:\/\/procana.org\/site\/?p=4569"},"modified":"2022-06-28T09:20:15","modified_gmt":"2022-06-28T14:20:15","slug":"vamos-al-campo-en-el-2022-cana-clima-y-medio-ambiente","status":"publish","type":"post","link":"https:\/\/procana.org\/site\/vamos-al-campo-en-el-2022-cana-clima-y-medio-ambiente\/","title":{"rendered":"Vamos al campo en el 2022: Ca\u00f1a, clima y medio ambiente"},"content":{"rendered":"\n<p>El pr\u00f3ximo 26 de agosto el evento de campo que organiza Proca\u00f1a para los productores y proveedores de Ca\u00f1a tendr\u00e1 como ejes centrales, el clima y sus factores y el medio ambiente, elementos trasversales e influyentes en el cultivo de la ca\u00f1a, la actividad se va realizar en el CIAT, Centro Internacional de Agricultura Tropical ente las 7:45 am a 4:45 pm.<\/p>\n\n\n\n<p>Hist\u00f3ricamente la variabilidad clim\u00e1tica supone incertidumbre y genera grandes retos para los agricultores, en los campos de ca\u00f1a los productores deben tener un papel importante frente a estas condiciones predecibles pero inesperadas en sus consecuencias; en campo se hace necesario actuar de forma preventiva e integrada en aspectos agron\u00f3micos, legales y de infraestructura.<\/p>\n\n\n\n<p>En nuestra versi\u00f3n 2022 de \u201cVamos al Campo\u201d, los asistentes podr\u00e1n conocer de la mano de expertos los ajustes que deben hacer a las pr\u00e1cticas agr\u00edcolas para adaptarse al exceso o escasez de agua, variaciones de temperatura y otras condiciones externas que tienen impacto en los costos e indicadores de productividad.<\/p>\n\n\n\n<p>El evento y sus contenidos est\u00e1n dirigidos a cultivadores de ca\u00f1a, administradores de fincas, gerentes de negocios agr\u00edcolas, trapiches paneleros, funcionarios de ingenios, proveedores de bienes, servicios e insumos y al grupo de j\u00f3venes de Proca\u00f1a a que nos acompa\u00f1en en esta experiencia.<\/p>\n\n\n\n<p>Separe su cupo en el siguiente link\u00a0<a href=\"https:\/\/bit.ly\/39h2hEI\">https:\/\/bit.ly\/39h2hEI<\/a><\/p>\n\n\n\n<h3 class=\"wp-block-heading\"><strong><u>Aprovecha el descuento 5% IVA INCLUIDO, hasta el 29 de julio<\/u><\/strong><\/h3>\n\n\n\n<p>Comun\u00edquese con Proca\u00f1a\u00a0con Natalia Alzate-\u00a0cel. 311 3678239 <\/p>\n\n\n\n<p>Correo: <a rel=\"noreferrer noopener\" href=\"mailto:servicios1@procana.org\" target=\"_blank\">servicios2@procana.org<\/a>\u00a0<\/p>\n","protected":false},"excerpt":{"rendered":"<p>El pr\u00f3ximo 26 de agosto el evento de campo que organiza Proca\u00f1a para los productores y proveedores de Ca\u00f1a tendr\u00e1 como ejes centrales, el clima y sus factores y el medio ambiente, elementos trasversales e influyentes en el cultivo de la ca\u00f1a, la actividad se va realizar en el CIAT, Centro Internacional de Agricultura Tropical [&hellip;]<\/p>\n","protected":false},"author":442,"featured_media":4570,"comment_status":"open","ping_status":"open","sticky":false,"template":"","format":"standard","meta":{"_et_pb_use_builder":"","_et_pb_old_content":"","_et_gb_content_width":"","footnotes":""},"categories":[5,4],"tags":[],"class_list":["post-4569","post","type-post","status-publish","format-standard","has-post-thumbnail","hentry","category-noticia-principal","category-noticias"],"_links":{"self":[{"href":"https:\/\/procana.org\/site\/wp-json\/wp\/v2\/posts\/4569","targetHints":{"allow":["GET"]}}],"collection":[{"href":"https:\/\/procana.org\/site\/wp-json\/wp\/v2\/posts"}],"about":[{"href":"https:\/\/procana.org\/site\/wp-json\/wp\/v2\/types\/post"}],"author":[{"embeddable":true,"href":"https:\/\/procana.org\/site\/wp-json\/wp\/v2\/users\/442"}],"replies":[{"embeddable":true,"href":"https:\/\/procana.org\/site\/wp-json\/wp\/v2\/comments?post=4569"}],"version-history":[{"count":1,"href":"https:\/\/procana.org\/site\/wp-json\/wp\/v2\/posts\/4569\/revisions"}],"predecessor-version":[{"id":4571,"href":"https:\/\/procana.org\/site\/wp-json\/wp\/v2\/posts\/4569\/revisions\/4571"}],"wp:featuredmedia":[{"embeddable":true,"href":"https:\/\/procana.org\/site\/wp-json\/wp\/v2\/media\/4570"}],"wp:attachment":[{"href":"https:\/\/procana.org\/site\/wp-json\/wp\/v2\/media?parent=4569"}],"wp:term":[{"taxonomy":"category","embeddable":true,"href":"https:\/\/procana.org\/site\/wp-json\/wp\/v2\/categories?post=4569"},{"taxonomy":"post_tag","embeddable":true,"href":"https:\/\/procana.org\/site\/wp-json\/wp\/v2\/tags?post=4569"}],"curies":[{"name":"wp","href":"https:\/\/api.w.org\/{rel}","templated":true}]}}