{"id":4540,"date":"2022-06-15T14:10:00","date_gmt":"2022-06-15T19:10:00","guid":{"rendered":"https:\/\/procana.org\/site\/?p=4540"},"modified":"2022-06-15T14:10:02","modified_gmt":"2022-06-15T19:10:02","slug":"procana-49-anos-promoviendo-el-bienestar-de-las-familias-de-la-region","status":"publish","type":"post","link":"https:\/\/procana.org\/site\/procana-49-anos-promoviendo-el-bienestar-de-las-familias-de-la-region\/","title":{"rendered":"Proca\u00f1a, 49 a\u00f1os promoviendo el bienestar de las familias de la regi\u00f3n."},"content":{"rendered":"\n<h2 class=\"wp-block-heading\"><strong>Creciendo juntos y fuertes como las ca\u00f1as del Valle Geogr\u00e1fico del Rio Cauc<\/strong>a<\/h2>\n\n\n\n<p class=\"has-text-align-center\"><em>49 a\u00f1os de trabajo colaborativo con enfoque econ\u00f3mico, ambiental y social<\/em><\/p>\n\n\n\n<p>La creciente importancia de agroindustria de la ca\u00f1a en nuestra regi\u00f3n y la necesidad de apoyar el conocimiento t\u00e9cnico para mejorar la productividad en la d\u00e9cada de los setenta, dio paso a la organizaci\u00f3n como gremio de las personas naturales y jur\u00eddicas que cultivaban la ca\u00f1a de az\u00facar y fue as\u00ed como en 1973, el 15 de junio naci\u00f3 Proca\u00f1a y desde ese momento ejerce la representaci\u00f3n gremial de los productores de ca\u00f1a de Colombia.<\/p>\n\n\n\n<p>Durante estos a\u00f1os Proca\u00f1a ha liderado importantes proyectos que se han convertido en programas &nbsp;en los tres ejes de la triple cuenta de la sostenibilidad: el fortalecimiento econ\u00f3mico, la rentabilidad de la producci\u00f3n de ca\u00f1a y el trabajo ambiental con la adaptaci\u00f3n de la gu\u00eda&nbsp; ca\u00f1a sostenible para Colombia, hoy Programa Integra liderado por Cenica\u00f1a y desde el 2019 la apuesta en marcha del Fondo Social donde cultivadores e ingenios hacen aportes voluntarios para apoyar gestiones de infraestructura en v\u00edas terciarias que benefician a peque\u00f1os campesinos y este a\u00f1o la alianza social que est\u00e1 realizando Proca\u00f1a con tres fundaciones.<\/p>\n\n\n\n<p>En el fortalecimiento Econ\u00f3mico, Proca\u00f1a hoy es un referente, actualiza la informaci\u00f3n del sector, analiza y eval\u00faa el impacto econ\u00f3mico del cultivo con base en su productividad, derivados y subproductos de la ca\u00f1a. Los resultados de este trabajo se evidencian en la contribuci\u00f3n de los cultivadores de ca\u00f1a en el pago de impuestos y la generaci\u00f3n de empleo y bienestar para los habitantes de los municipios de la regi\u00f3n.<\/p>\n\n\n\n<p>En el foco ambiental, Proca\u00f1a promueve, capacita y acompa\u00f1a la adopci\u00f3n de&nbsp; pr\u00e1cticas m\u00e1s sostenibles en el cultivo, para hacer uso racional de los recursos naturales, \u201cPara esto su aliado es el Centro de Investigaci\u00f3n de la Ca\u00f1a, Cenica\u00f1a, quienes continuaron la ejecuci\u00f3n de la Gu\u00eda de Ca\u00f1a Sostenible para Colombia, en el marco del Programa Integra al que est\u00e1n vinculadas 218 predios, que representan 25.755 hect\u00e1reas sembradas con ca\u00f1a de az\u00facar en el valle del r\u00edo Cauca\u201d indica Angela Mar\u00eda Cabal, presidenta de la Junta Directiva de Proca\u00f1a.<\/p>\n\n\n\n<p>En el enfoque social y con el prop\u00f3sito de fortalecer &nbsp;la gestiones&nbsp; y el relacionamiento con las comunidades del \u00e1rea de influencia se ha puesto en marcha una alianza estrat\u00e9gica entre Proca\u00f1a, la Fundaci\u00f3n Caicedo Gonz\u00e1lez Riopaila Castilla, Fundaci\u00f3n El Amparo y Fundaci\u00f3n Mariana Hoyos de Guti\u00e9rrez, con el objetivo de promover iniciativas que contribuyan a generar nuevas oportunidades a los habitantes de la regi\u00f3n, m\u00e1s oportunidades de empleo, apoyo a emprendedores e integraci\u00f3n de la cadena de suministro local . &nbsp;<\/p>\n\n\n\n<p>\u201cLas inversiones en esta alianza se har\u00e1n con recursos propios de Proca\u00f1a y sus aliados, donde se requiere la participaci\u00f3n decidida y el liderazgo de los proveedores de ca\u00f1a en las diversas actividades con la comunidad y en las gestiones con los mandatarios locales haciendo presencia en los momentos de verdad\u201d indica Martha Betancourt directora del Gremio.<\/p>\n\n\n\n<p><\/p>\n\n\n\n<p><strong>M\u00e1s Informaci\u00f3n<br><\/strong><em>Comunicaciones de Proca\u00f1a<\/em><br><em>Mail&nbsp;<\/em><a href=\"mailto:comunicaciones@procana.org\" target=\"_blank\" rel=\"noreferrer noopener\"><em>comunicaciones@procana.org<\/em><\/a><em>&nbsp;tel\u00e9fono 313 4977303<\/em><strong><\/strong><\/p>\n","protected":false},"excerpt":{"rendered":"<p>Creciendo juntos y fuertes como las ca\u00f1as del Valle Geogr\u00e1fico del Rio Cauca 49 a\u00f1os de trabajo colaborativo con enfoque econ\u00f3mico, ambiental y social La creciente importancia de agroindustria de la ca\u00f1a en nuestra regi\u00f3n y la necesidad de apoyar el conocimiento t\u00e9cnico para mejorar la productividad en la d\u00e9cada de los setenta, dio paso [&hellip;]<\/p>\n","protected":false},"author":442,"featured_media":4541,"comment_status":"open","ping_status":"open","sticky":false,"template":"","format":"standard","meta":{"_et_pb_use_builder":"","_et_pb_old_content":"","_et_gb_content_width":"","footnotes":""},"categories":[5,4],"tags":[],"class_list":["post-4540","post","type-post","status-publish","format-standard","has-post-thumbnail","hentry","category-noticia-principal","category-noticias"],"_links":{"self":[{"href":"https:\/\/procana.org\/site\/wp-json\/wp\/v2\/posts\/4540","targetHints":{"allow":["GET"]}}],"collection":[{"href":"https:\/\/procana.org\/site\/wp-json\/wp\/v2\/posts"}],"about":[{"href":"https:\/\/procana.org\/site\/wp-json\/wp\/v2\/types\/post"}],"author":[{"embeddable":true,"href":"https:\/\/procana.org\/site\/wp-json\/wp\/v2\/users\/442"}],"replies":[{"embeddable":true,"href":"https:\/\/procana.org\/site\/wp-json\/wp\/v2\/comments?post=4540"}],"version-history":[{"count":1,"href":"https:\/\/procana.org\/site\/wp-json\/wp\/v2\/posts\/4540\/revisions"}],"predecessor-version":[{"id":4542,"href":"https:\/\/procana.org\/site\/wp-json\/wp\/v2\/posts\/4540\/revisions\/4542"}],"wp:featuredmedia":[{"embeddable":true,"href":"https:\/\/procana.org\/site\/wp-json\/wp\/v2\/media\/4541"}],"wp:attachment":[{"href":"https:\/\/procana.org\/site\/wp-json\/wp\/v2\/media?parent=4540"}],"wp:term":[{"taxonomy":"category","embeddable":true,"href":"https:\/\/procana.org\/site\/wp-json\/wp\/v2\/categories?post=4540"},{"taxonomy":"post_tag","embeddable":true,"href":"https:\/\/procana.org\/site\/wp-json\/wp\/v2\/tags?post=4540"}],"curies":[{"name":"wp","href":"https:\/\/api.w.org\/{rel}","templated":true}]}}