{"id":4491,"date":"2022-06-06T13:39:34","date_gmt":"2022-06-06T18:39:34","guid":{"rendered":"https:\/\/procana.org\/site\/?p=4491"},"modified":"2022-06-06T13:42:48","modified_gmt":"2022-06-06T18:42:48","slug":"proveedores-de-cana-hacen-un-balance-positivo-y-una-apuesta-social-hacia-el-futuro","status":"publish","type":"post","link":"https:\/\/procana.org\/site\/proveedores-de-cana-hacen-un-balance-positivo-y-una-apuesta-social-hacia-el-futuro\/","title":{"rendered":"Proveedores de Ca\u00f1a hacen un balance positivo y una apuesta social hacia el futuro"},"content":{"rendered":"\n<p>En el marco de la XLIX Asamblea Ordinaria de Afiliados ENLACE 2022, Proca\u00f1a present\u00f3 un balance de sus principales programas, como lo son Compromiso Rural, Fondo Social y Nuevas Generaciones, adem\u00e1s de hacer oficial una nueva alianza, esta vez con las fundaciones Caicedo Gonz\u00e1lez Riopaila Castilla, Mariana Hoyos y El Amparo.<\/p>\n\n\n\n<p><br>\u201cLo que buscamos con la alianza es fortalecer el relacionamiento con las comunidades, dinamizar el sector productivo local, brindar apoyo a la agricultura familiar y seguridad alimentaria, desarrollar el Capital Humano, el posicionamiento con el territorio, para contribuir al fortalecimiento productivo y econ\u00f3mico, explic\u00f3 Martha Betancourt, directora ejecutiva de Proca\u00f1a.<\/p>\n\n\n\n<figure class=\"wp-block-gallery has-nested-images columns-default is-cropped wp-block-gallery-1 is-layout-flex wp-block-gallery-is-layout-flex\">\n<figure class=\"wp-block-image size-large\"><img loading=\"lazy\" decoding=\"async\" width=\"1000\" height=\"700\" data-id=\"4493\" src=\"https:\/\/procana.org\/site\/wp-content\/uploads\/2022\/06\/8-1.jpg\" alt=\"\" class=\"wp-image-4493\"\/><\/figure>\n<\/figure>\n\n\n\n<p><br>Compromiso Rural, es una apuesta de cultivadores de ca\u00f1a e ingenios que buscan generar 1.500 nuevos empleos adicionales a los 286.000 ya existentes. Mientras que, por el lado del Fondo Social, una inversi\u00f3n voluntaria de ca\u00f1icultores e ingenios y que adem\u00e1s ha contado con el apoyo de la Gobernaci\u00f3n del Valle, ha permitido el mejoramiento de las v\u00edas terciaras de la zona media y alta de la monta\u00f1a, para que los campesinos puedan bajar sus productos y mejorar su calidad de vida.<\/p>\n\n\n\n<p><br>\u201cEn cuanto al Programa de Nuevas Generaciones que venimos trabajando desde Proca\u00f1a se trata de j\u00f3venes que se est\u00e1n vinculando nuevamente al campo con dos motivaciones, la implementaci\u00f3n de tecnolog\u00eda, que en ca\u00f1a de az\u00facar hay mucha y dos, el tema social\u201d, resalt\u00f3 Betancourt.<\/p>\n\n\n\n<p><br>Por otro lado desde la Asociaci\u00f3n Colombiana de Productores y Proveedores de Ca\u00f1a de Az\u00facar \u2013 Proca\u00f1a, solicit\u00f3 al Gobierno Nacional convertir en un programa de Estado, la Agricultura por Contrato como un mecanismo para acercar a los productores del campo con los compradores.<\/p>\n\n\n\n<p><br>\u201cA la fecha hay 260 mil productores en nuestro programa de agricultura por contrato y aspiramos a que en agosto sean 300 mil, una cifra importante a la que se le suman las exportaciones agr\u00edcolas, que este a\u00f1o, son las m\u00e1s altas en la historia del sector agropecuario, 10,400 millones de d\u00f3lares en exportaciones, donde la ca\u00f1a es uno de los grandes aportantes, es el cuarto sector estrat\u00e9gico del pa\u00eds: 245 mil hect\u00e1reas, 286 mil empleos, aporta casi el 18% de la producci\u00f3n nacional\u201d afirma Juan Gonzalo Botero, Viceministro de Asuntos Agropecuarios del Ministerio de Agricultura y Desarrollo Rural.<\/p>\n\n\n\n<p><br>As\u00ed mismo, se le solicit\u00f3 al Ministro de Justicia y del Derecho, Wilson Ruiz Orejuela, que ponga en marcha oportuna y eficazmente la Ley de Seguridad Ciudadana para mejorar las condiciones de seguridad en el campo, tan necesarias para la producci\u00f3n de alimentos.<\/p>\n\n\n\n<figure class=\"wp-block-gallery has-nested-images columns-default is-cropped wp-block-gallery-2 is-layout-flex wp-block-gallery-is-layout-flex\">\n<figure class=\"wp-block-image size-large\"><img loading=\"lazy\" decoding=\"async\" width=\"1000\" height=\"700\" data-id=\"4492\" src=\"https:\/\/procana.org\/site\/wp-content\/uploads\/2022\/06\/2-1.jpg\" alt=\"\" class=\"wp-image-4492\"\/><\/figure>\n<\/figure>\n\n\n\n<p><\/p>\n","protected":false},"excerpt":{"rendered":"<p>En el marco de la XLIX Asamblea Ordinaria de Afiliados ENLACE 2022, Proca\u00f1a present\u00f3 un balance de sus principales programas, como lo son Compromiso Rural, Fondo Social y Nuevas Generaciones, adem\u00e1s de hacer oficial una nueva alianza, esta vez con las fundaciones Caicedo Gonz\u00e1lez Riopaila Castilla, Mariana Hoyos y El Amparo. \u201cLo que buscamos con [&hellip;]<\/p>\n","protected":false},"author":442,"featured_media":4471,"comment_status":"open","ping_status":"open","sticky":false,"template":"","format":"standard","meta":{"_et_pb_use_builder":"","_et_pb_old_content":"","_et_gb_content_width":"","footnotes":""},"categories":[4,6],"tags":[],"class_list":["post-4491","post","type-post","status-publish","format-standard","has-post-thumbnail","hentry","category-noticias","category-noticias-en-general"],"_links":{"self":[{"href":"https:\/\/procana.org\/site\/wp-json\/wp\/v2\/posts\/4491","targetHints":{"allow":["GET"]}}],"collection":[{"href":"https:\/\/procana.org\/site\/wp-json\/wp\/v2\/posts"}],"about":[{"href":"https:\/\/procana.org\/site\/wp-json\/wp\/v2\/types\/post"}],"author":[{"embeddable":true,"href":"https:\/\/procana.org\/site\/wp-json\/wp\/v2\/users\/442"}],"replies":[{"embeddable":true,"href":"https:\/\/procana.org\/site\/wp-json\/wp\/v2\/comments?post=4491"}],"version-history":[{"count":1,"href":"https:\/\/procana.org\/site\/wp-json\/wp\/v2\/posts\/4491\/revisions"}],"predecessor-version":[{"id":4494,"href":"https:\/\/procana.org\/site\/wp-json\/wp\/v2\/posts\/4491\/revisions\/4494"}],"wp:featuredmedia":[{"embeddable":true,"href":"https:\/\/procana.org\/site\/wp-json\/wp\/v2\/media\/4471"}],"wp:attachment":[{"href":"https:\/\/procana.org\/site\/wp-json\/wp\/v2\/media?parent=4491"}],"wp:term":[{"taxonomy":"category","embeddable":true,"href":"https:\/\/procana.org\/site\/wp-json\/wp\/v2\/categories?post=4491"},{"taxonomy":"post_tag","embeddable":true,"href":"https:\/\/procana.org\/site\/wp-json\/wp\/v2\/tags?post=4491"}],"curies":[{"name":"wp","href":"https:\/\/api.w.org\/{rel}","templated":true}]}}