{"id":4490,"date":"2022-06-06T14:00:29","date_gmt":"2022-06-06T19:00:29","guid":{"rendered":"https:\/\/procana.org\/site\/?p=4490"},"modified":"2022-06-06T14:08:55","modified_gmt":"2022-06-06T19:08:55","slug":"ceniclima-la-app-para-planear-labores-agricolas-en-el-valle-del-rio-cauca","status":"publish","type":"post","link":"https:\/\/procana.org\/site\/ceniclima-la-app-para-planear-labores-agricolas-en-el-valle-del-rio-cauca\/","title":{"rendered":"Ceniclima, la app para planear labores agr\u00edcolas en el valle del r\u00edo Cauca"},"content":{"rendered":"\n<p>Para tener acceso a la aplicaci\u00f3n solo es necesario descargarla a trav\u00e9s de App Store y Google Play, as\u00ed podr\u00e1 enterarse de todo lo relacionado con el clima de la regi\u00f3n.<\/p>\n\n\n\n<p>La agroindustria colombiana de la ca\u00f1a de az\u00facar, a trav\u00e9s de Cenica\u00f1a presenta una herramienta para que los cultivadores de la regi\u00f3n se apoyen en los pron\u00f3sticos del tiempo de su \u00e1rea de influencia para planear las labores del cultivo y de esta manera, avanzar en acciones para reducir el riesgo por impactos negativos derivados de la variabilidad clim\u00e1tica.<\/p>\n\n\n\n<p>A partir de los pron\u00f3sticos del tiempo meteorol\u00f3gico que ofrece Ceniclima y sus otras funcionalidades, los usuarios de la aplicaci\u00f3n podr\u00e1n planear con m\u00e1s acierto y precisi\u00f3n labores agron\u00f3micas, prever los riesgos y adoptar decisiones que impacten de manera directa e&nbsp; indirecta la alimentaci\u00f3n, la salud y la gesti\u00f3n del agua.<\/p>\n\n\n\n<p>Tener a la mano Ceniclima es&nbsp; muy sencillo, solo la debe descargarla desde la App Store y Google Play y por medio de ella tener acceso a:<\/p>\n\n\n\n<p>\u2022 Pron\u00f3stico del tiempo diario<\/p>\n\n\n\n<p>\u2022 Condici\u00f3n de tiempo actual y la fase lunar<\/p>\n\n\n\n<p>\u2022 Pron\u00f3stico del tiempo a 7 d\u00edas<\/p>\n\n\n\n<p>\u2022 Visualizaci\u00f3n de las condiciones de precipitaci\u00f3n y temperatura<\/p>\n\n\n\n<p>\u2022 Predicci\u00f3n clim\u00e1tica a 3 meses<\/p>\n\n\n\n<p>\u2022 Acumulado de precipitaci\u00f3n en el valle del r\u00edo Cauca.<\/p>\n\n\n\n<p>La informaci\u00f3n se presenta para siete zonas clim\u00e1ticas distribuidas en Cauca, Valle del Cauca, Risaralda, Quind\u00edo y Caldas, las cuales fueron agrupadas a partir del an\u00e1lisis del comportamiento homog\u00e9neo de las principales variables atmosf\u00e9ricas de acuerdo con los datos registrados por la Red Meteorol\u00f3gica Automatizada \u2013 RMA, durante 28 a\u00f1os.<\/p>\n","protected":false},"excerpt":{"rendered":"<p>Para tener acceso a la aplicaci\u00f3n solo es necesario descargarla a trav\u00e9s de App Store y Google Play, as\u00ed podr\u00e1 enterarse de todo lo relacionado con el clima de la regi\u00f3n. La agroindustria colombiana de la ca\u00f1a de az\u00facar, a trav\u00e9s de Cenica\u00f1a presenta una herramienta para que los cultivadores de la regi\u00f3n se apoyen [&hellip;]<\/p>\n","protected":false},"author":442,"featured_media":4496,"comment_status":"open","ping_status":"open","sticky":false,"template":"","format":"standard","meta":{"_et_pb_use_builder":"","_et_pb_old_content":"","_et_gb_content_width":"","footnotes":""},"categories":[4,6],"tags":[],"class_list":["post-4490","post","type-post","status-publish","format-standard","has-post-thumbnail","hentry","category-noticias","category-noticias-en-general"],"_links":{"self":[{"href":"https:\/\/procana.org\/site\/wp-json\/wp\/v2\/posts\/4490","targetHints":{"allow":["GET"]}}],"collection":[{"href":"https:\/\/procana.org\/site\/wp-json\/wp\/v2\/posts"}],"about":[{"href":"https:\/\/procana.org\/site\/wp-json\/wp\/v2\/types\/post"}],"author":[{"embeddable":true,"href":"https:\/\/procana.org\/site\/wp-json\/wp\/v2\/users\/442"}],"replies":[{"embeddable":true,"href":"https:\/\/procana.org\/site\/wp-json\/wp\/v2\/comments?post=4490"}],"version-history":[{"count":1,"href":"https:\/\/procana.org\/site\/wp-json\/wp\/v2\/posts\/4490\/revisions"}],"predecessor-version":[{"id":4495,"href":"https:\/\/procana.org\/site\/wp-json\/wp\/v2\/posts\/4490\/revisions\/4495"}],"wp:featuredmedia":[{"embeddable":true,"href":"https:\/\/procana.org\/site\/wp-json\/wp\/v2\/media\/4496"}],"wp:attachment":[{"href":"https:\/\/procana.org\/site\/wp-json\/wp\/v2\/media?parent=4490"}],"wp:term":[{"taxonomy":"category","embeddable":true,"href":"https:\/\/procana.org\/site\/wp-json\/wp\/v2\/categories?post=4490"},{"taxonomy":"post_tag","embeddable":true,"href":"https:\/\/procana.org\/site\/wp-json\/wp\/v2\/tags?post=4490"}],"curies":[{"name":"wp","href":"https:\/\/api.w.org\/{rel}","templated":true}]}}