{"id":4418,"date":"2022-05-20T08:54:54","date_gmt":"2022-05-20T13:54:54","guid":{"rendered":"https:\/\/procana.org\/site\/?p=4418"},"modified":"2022-05-20T09:05:56","modified_gmt":"2022-05-20T14:05:56","slug":"el-papel-de-las-abejas-en-la-agricultura-la-alimentacion-y-el-cultivo-cana","status":"publish","type":"post","link":"https:\/\/procana.org\/site\/el-papel-de-las-abejas-en-la-agricultura-la-alimentacion-y-el-cultivo-cana\/","title":{"rendered":"<strong>El papel de las abejas en la agricultura, la alimentaci\u00f3n y el Cultivo Ca\u00f1a<\/strong>"},"content":{"rendered":"\n<p class=\"has-text-align-center\"><em><strong>\u00a0El 20 de mayo de 2022 es el d\u00eda mundial de las abejas, Proca\u00f1a invita a tomar conciencia sobre la importancia de los polinizadoras y su contribuci\u00f3n al desarrollo sostenible. En los cultivos de Ca\u00f1a se han identificado 37 especies, 5 de ellas pertenecientes al grupo de abejas nativas sin aguij\u00f3n.<\/strong><\/em><\/p>\n\n\n\n<p>La polinizaci\u00f3n es uno de los procesos m\u00e1s importantes de la naturaleza ya que contribuye a mantener la biodiversidad del planeta. Se estima que el 90 por ciento de las plantas con flores dependen de la polinizaci\u00f3n para reproducirse; aun as\u00ed, este importante proceso a menudo se pasa por alto. Las abejas silvestres, la meliponicultura y la apicultura contribuyen igualmente a mantener los ecosistemas, ya que la polinizaci\u00f3n ayuda a dispersar las especies vegetales, lo que a su vez contribuye a conservar la biodiversidad.<\/p>\n\n\n\n<p>En la actualidad, <strong>las abejas dependen de la humanidad para proteger su medio ambiente, pero nosotros de ellas para polinizar muchos de los productos que consumimos y muchas de las especies de plantas de los bosques nativos.<\/strong> Las pr\u00e1cticas agr\u00edcolas sostenibles ayudan a proteger las poblaciones de abejas silvestres al reducir la exposici\u00f3n a factores externos y al fomentar la diversificaci\u00f3n del agropaisaje.<\/p>\n\n\n\n<p>Proca\u00f1a se une \u00e9ste 20 de mayo a la celebraci\u00f3n del d\u00eda mundial de las abejas, recordando que <strong>en los corredores biol\u00f3gicos y en otras coberturas de vegetaci\u00f3n natural que se encuentran en los cultivos de Ca\u00f1a de Az\u00facar, viven y encuentran recursos las abejas nativas, de esta forma hacemos un aporte a la biodiversidad y a la regi\u00f3n<\/strong>.<\/p>\n\n\n\n<p>\u201cAtendiendo a la necesidad de sostener las poblaciones de estas abejas y de otros organismos ben\u00e9ficos, el sector tiene en marcha el proyecto Ca\u00f1a Biodiversa, el cual busca la restauraci\u00f3n de corredores ribere\u00f1os para darle refugio a esta biodiversidad funcional en el valle del r\u00edo Cauca; programa liderado por Cenica\u00f1a y que cuenta con el apoyo de ingenios y cultivadores de Ca\u00f1a\u201d Comenta Martha Betancourt directora ejecutiva de Proca\u00f1a.<\/p>\n\n\n\n<p>En la actualidad el proyecto Ca\u00f1a Biodiversa ha realizado <strong>procesos de restauraci\u00f3n en 28 predios<\/strong>, rehabilitando corredores ribere\u00f1os y otras coberturas de igual importancia para refugiar fauna, en un \u00e1rea aproximada de 17 hect\u00e1reas.<\/p>\n\n\n\n<p>\u201cDurante este proceso se ha contado con el apoyo de los diferentes gremios del sector de la agroindustria de la Ca\u00f1a, del Ejercito Nacional (batall\u00f3n de desminados), de algunas alcald\u00edas y de la autoridad ambiental del Valle del Cauca, CVC. Adicionalmente, a trav\u00e9s de los inventarios de diversidad <strong>se han detectado 37 morfoespecies (4 sociales y 33 solitarias)<\/strong> <strong>de abejas silvestres, 5 de estas especies pertenecientes al grupo de abejas nativas sin aguij\u00f3n (Apidae: Meliponini),<\/strong> las cuales son fundamentales para la polinizaci\u00f3n de muchas especies del bosque seco tropical de la regi\u00f3n\u201d a\u00f1ade Leonardo Fabio Rivera Pedroza, entom\u00f3logo de Cenica\u00f1a.<\/p>\n\n\n\n<p><strong>M\u00e1s Informaci\u00f3n<br><\/strong><em>Comunicaciones de Proca\u00f1a<\/em><br><em>Mail&nbsp;<\/em><a rel=\"noreferrer noopener\" href=\"mailto:comunicaciones@procana.org\" target=\"_blank\"><em>comunicaciones@procana.org<\/em><\/a><em>&nbsp;tel\u00e9fono 313 4977303<\/em><\/p>\n","protected":false},"excerpt":{"rendered":"<p>\u00a0El 20 de mayo de 2022 es el d\u00eda mundial de las abejas, Proca\u00f1a invita a tomar conciencia sobre la importancia de los polinizadoras y su contribuci\u00f3n al desarrollo sostenible. En los cultivos de Ca\u00f1a se han identificado 37 especies, 5 de ellas pertenecientes al grupo de abejas nativas sin aguij\u00f3n. La polinizaci\u00f3n es uno [&hellip;]<\/p>\n","protected":false},"author":442,"featured_media":4419,"comment_status":"open","ping_status":"open","sticky":false,"template":"","format":"standard","meta":{"_et_pb_use_builder":"","_et_pb_old_content":"","_et_gb_content_width":"","footnotes":""},"categories":[5,4],"tags":[],"class_list":["post-4418","post","type-post","status-publish","format-standard","has-post-thumbnail","hentry","category-noticia-principal","category-noticias"],"_links":{"self":[{"href":"https:\/\/procana.org\/site\/wp-json\/wp\/v2\/posts\/4418","targetHints":{"allow":["GET"]}}],"collection":[{"href":"https:\/\/procana.org\/site\/wp-json\/wp\/v2\/posts"}],"about":[{"href":"https:\/\/procana.org\/site\/wp-json\/wp\/v2\/types\/post"}],"author":[{"embeddable":true,"href":"https:\/\/procana.org\/site\/wp-json\/wp\/v2\/users\/442"}],"replies":[{"embeddable":true,"href":"https:\/\/procana.org\/site\/wp-json\/wp\/v2\/comments?post=4418"}],"version-history":[{"count":2,"href":"https:\/\/procana.org\/site\/wp-json\/wp\/v2\/posts\/4418\/revisions"}],"predecessor-version":[{"id":4421,"href":"https:\/\/procana.org\/site\/wp-json\/wp\/v2\/posts\/4418\/revisions\/4421"}],"wp:featuredmedia":[{"embeddable":true,"href":"https:\/\/procana.org\/site\/wp-json\/wp\/v2\/media\/4419"}],"wp:attachment":[{"href":"https:\/\/procana.org\/site\/wp-json\/wp\/v2\/media?parent=4418"}],"wp:term":[{"taxonomy":"category","embeddable":true,"href":"https:\/\/procana.org\/site\/wp-json\/wp\/v2\/categories?post=4418"},{"taxonomy":"post_tag","embeddable":true,"href":"https:\/\/procana.org\/site\/wp-json\/wp\/v2\/tags?post=4418"}],"curies":[{"name":"wp","href":"https:\/\/api.w.org\/{rel}","templated":true}]}}