{"id":4179,"date":"2022-03-28T11:48:06","date_gmt":"2022-03-28T16:48:06","guid":{"rendered":"https:\/\/procana.org\/site\/?p=4179"},"modified":"2022-03-28T11:48:09","modified_gmt":"2022-03-28T16:48:09","slug":"asi-se-vivio-el-seminario-de-costos-de-produccion-de-cana-de-azucar","status":"publish","type":"post","link":"https:\/\/procana.org\/site\/asi-se-vivio-el-seminario-de-costos-de-produccion-de-cana-de-azucar\/","title":{"rendered":"As\u00ed se vivi\u00f3 el Seminario de Costos de producci\u00f3n de Ca\u00f1a de Az\u00facar"},"content":{"rendered":"\n<h2 class=\"wp-block-heading\">Ideas pr\u00e1cticas para mejorar la productividad y rentabilidad.<\/h2>\n\n\n\n<p>El pasado 24 de Marzo se realiz\u00f3 el primer evento presencial del a\u00f1o organizado por Proca\u00f1a, contamos con una asistencia de 150 personas y con nueve conferencistas invitados que hicieron de nuestro evento un d\u00eda lleno de conocimiento e integraci\u00f3n.<\/p>\n\n\n\n<figure class=\"wp-block-image size-large\"><img loading=\"lazy\" decoding=\"async\" width=\"1024\" height=\"768\" src=\"https:\/\/procana.org\/site\/wp-content\/uploads\/2022\/03\/IMG-20220326-WA0030-1024x768.jpg\" alt=\"\" class=\"wp-image-4180\"\/><figcaption>Seminario de costos en Producci\u00f3n de Ca\u00f1a de Az\u00facar &#8211; Hotel Marriot<\/figcaption><\/figure>\n\n\n\n<p>El seminario tuvo como invitados a el doctor Arnoby Rodr\u00edguez, Pedro Iv\u00e1n Bastidas, Martha Betancourt, Felipe Mej\u00eda, Guido Mauricio L\u00f3pez, Sandra Alarc\u00f3n, Oscar le\u00f3n Garc\u00eda, Juli\u00e1n Andr\u00e9s Bol\u00edvar y cerr\u00f3 la jornada la doctora Ana Milena Lemos directora de la fundaci\u00f3n Caicedo Gonz\u00e1lez Riopaila-Castilla<\/p>\n\n\n\n<p>Se abordaron temas como la presentaci\u00f3n del Programa Integra por parte de Cenica\u00f1a, adem\u00e1s de esto Felipe Mej\u00eda y el Dr. Guido L\u00f3pez nos demostraron como est\u00e1n afectando los costos, con la guerra entre Rusia y Ucrania, d\u00e1ndonos alternativas de ahorro con controles de plagas m\u00e1s naturales y as\u00ed reducir el gasto en las fincas ca\u00f1icultoras.<\/p>\n\n\n\n<figure class=\"wp-block-image size-large\"><img loading=\"lazy\" decoding=\"async\" width=\"1024\" height=\"768\" src=\"https:\/\/procana.org\/site\/wp-content\/uploads\/2022\/03\/20220324_133217-1024x768.jpg\" alt=\"\" class=\"wp-image-4181\"\/><figcaption>Doctor Guido Mauricio L\u00f3pez &#8211; Conferencia: Impacto de la crisis de los fertilizantes sobre los costos, Alternativas de fertilizaci\u00f3n en Ca\u00f1a<\/figcaption><\/figure>\n\n\n\n<p>Las plantillas de Excel son gu\u00edas para la reducci\u00f3n de costos en la producci\u00f3n, estas fueron las herramientas m\u00e1s valoradas dentro de esta jornada de capacitaci\u00f3n, este material ser\u00e1 entregado a cada uno de los asistentes cumpli\u00e9ndose de esta manera nuestro objetivo: Analizar los costos directos e indirectos en el cultivo de la Ca\u00f1a de az\u00facar por zonas y tama\u00f1o de productor, presentar ideas pr\u00e1cticas para reducir costos, mostrar experiencias, herramientas y tecnolog\u00edas disponibles para la administraci\u00f3n, control de costos y los par\u00e1metros para ajustar la calidad de las labores de campo. <\/p>\n\n\n\n<p>Agradecemos a los participantes, tenderemos m\u00e1s eventos programados para ustedes, el pr\u00f3ximo se realizar\u00e1 el 29 de Abril: III Encuentro de Ca\u00f1icultores-Cenica\u00f1a.<\/p>\n","protected":false},"excerpt":{"rendered":"<p>Ideas pr\u00e1cticas para mejorar la productividad y rentabilidad. El pasado 24 de Marzo se realiz\u00f3 el primer evento presencial del a\u00f1o organizado por Proca\u00f1a, contamos con una asistencia de 150 personas y con nueve conferencistas invitados que hicieron de nuestro evento un d\u00eda lleno de conocimiento e integraci\u00f3n. El seminario tuvo como invitados a el [&hellip;]<\/p>\n","protected":false},"author":442,"featured_media":4182,"comment_status":"open","ping_status":"open","sticky":false,"template":"","format":"standard","meta":{"_et_pb_use_builder":"","_et_pb_old_content":"","_et_gb_content_width":"","footnotes":""},"categories":[4,6],"tags":[],"class_list":["post-4179","post","type-post","status-publish","format-standard","has-post-thumbnail","hentry","category-noticias","category-noticias-en-general"],"_links":{"self":[{"href":"https:\/\/procana.org\/site\/wp-json\/wp\/v2\/posts\/4179","targetHints":{"allow":["GET"]}}],"collection":[{"href":"https:\/\/procana.org\/site\/wp-json\/wp\/v2\/posts"}],"about":[{"href":"https:\/\/procana.org\/site\/wp-json\/wp\/v2\/types\/post"}],"author":[{"embeddable":true,"href":"https:\/\/procana.org\/site\/wp-json\/wp\/v2\/users\/442"}],"replies":[{"embeddable":true,"href":"https:\/\/procana.org\/site\/wp-json\/wp\/v2\/comments?post=4179"}],"version-history":[{"count":1,"href":"https:\/\/procana.org\/site\/wp-json\/wp\/v2\/posts\/4179\/revisions"}],"predecessor-version":[{"id":4183,"href":"https:\/\/procana.org\/site\/wp-json\/wp\/v2\/posts\/4179\/revisions\/4183"}],"wp:featuredmedia":[{"embeddable":true,"href":"https:\/\/procana.org\/site\/wp-json\/wp\/v2\/media\/4182"}],"wp:attachment":[{"href":"https:\/\/procana.org\/site\/wp-json\/wp\/v2\/media?parent=4179"}],"wp:term":[{"taxonomy":"category","embeddable":true,"href":"https:\/\/procana.org\/site\/wp-json\/wp\/v2\/categories?post=4179"},{"taxonomy":"post_tag","embeddable":true,"href":"https:\/\/procana.org\/site\/wp-json\/wp\/v2\/tags?post=4179"}],"curies":[{"name":"wp","href":"https:\/\/api.w.org\/{rel}","templated":true}]}}