{"id":4162,"date":"2022-03-22T13:29:21","date_gmt":"2022-03-22T18:29:21","guid":{"rendered":"https:\/\/procana.org\/site\/?p=4162"},"modified":"2022-03-28T11:21:31","modified_gmt":"2022-03-28T16:21:31","slug":"tercera-sembraton","status":"publish","type":"post","link":"https:\/\/procana.org\/site\/tercera-sembraton\/","title":{"rendered":"Tercera Siembra liderada por el grupo de J\u00f3venes de Proca\u00f1a"},"content":{"rendered":"\n<p>El 16 de marzo se realiz\u00f3 la tercera jornada de Sembrat\u00f3n en la finca la belleza, esta actividad fue liderada por Adriana Guzm\u00e1n en compa\u00f1\u00eda de algunos afiliados pertenecientes al grupo de Nuevas Generaciones de Proca\u00f1a.<\/p>\n\n\n\n<p>Eta jornada cont\u00f3 con el apoyo del Ej\u00e9rcito Nacional, Cenica\u00f1a, la asociaci\u00f3n de r\u00edos Asofrayle quienes donaron 300 \u00e1rboles nativos y el Ingenio Manuelita quien don\u00f3 145 especies, entre los que se destacaron Gualanday, Guayac\u00e1n Rosado, Nogal Cafetero.<\/p>\n\n\n\n<p>Con estos nuevos \u00e1rboles sembrados podemos decir que llevamos 1.386 \u00e1rboles, poco a poco nos vamos acercando a la meta de sembrar 10.000 mil \u00e1rboles en estos pr\u00f3ximos 5 a\u00f1os.<\/p>\n\n\n\n<p>Adriana Guzm\u00e1n extiende la invitaci\u00f3n a participar en estas jornadas \u201cTengamos en cuenta que no necesitamos de grandes predios para realizar esta jornada en sus fincas, los \u00e1rboles pueden ser sembrados como cercas vivas en los linderos de las fincas, a lo largo de las acequias, en callejones amplios, al borde de cuerpos de agua como r\u00edos, quebradas y humedales. S\u00ed es importante que el propietario de la finca delegue a alguien para coordinar la entrega-recogida de los \u00e1rboles y\/o abonos.\u201d<\/p>\n\n\n\n<p>Si desea unirse a esta labor en este link: https:\/\/forms.gle\/TRQQhKdxaeyg5g757 <\/p>\n","protected":false},"excerpt":{"rendered":"<p>El 16 de marzo se realiz\u00f3 la tercera jornada de Sembrat\u00f3n en la finca la belleza, esta actividad fue liderada por Adriana Guzm\u00e1n en compa\u00f1\u00eda de algunos afiliados pertenecientes al grupo de Nuevas Generaciones de Proca\u00f1a. Eta jornada cont\u00f3 con el apoyo del Ej\u00e9rcito Nacional, Cenica\u00f1a, la asociaci\u00f3n de r\u00edos Asofrayle quienes donaron 300 \u00e1rboles [&hellip;]<\/p>\n","protected":false},"author":442,"featured_media":4164,"comment_status":"open","ping_status":"open","sticky":false,"template":"","format":"standard","meta":{"_et_pb_use_builder":"","_et_pb_old_content":"","_et_gb_content_width":"","footnotes":""},"categories":[4,6],"tags":[],"class_list":["post-4162","post","type-post","status-publish","format-standard","has-post-thumbnail","hentry","category-noticias","category-noticias-en-general"],"_links":{"self":[{"href":"https:\/\/procana.org\/site\/wp-json\/wp\/v2\/posts\/4162","targetHints":{"allow":["GET"]}}],"collection":[{"href":"https:\/\/procana.org\/site\/wp-json\/wp\/v2\/posts"}],"about":[{"href":"https:\/\/procana.org\/site\/wp-json\/wp\/v2\/types\/post"}],"author":[{"embeddable":true,"href":"https:\/\/procana.org\/site\/wp-json\/wp\/v2\/users\/442"}],"replies":[{"embeddable":true,"href":"https:\/\/procana.org\/site\/wp-json\/wp\/v2\/comments?post=4162"}],"version-history":[{"count":2,"href":"https:\/\/procana.org\/site\/wp-json\/wp\/v2\/posts\/4162\/revisions"}],"predecessor-version":[{"id":4165,"href":"https:\/\/procana.org\/site\/wp-json\/wp\/v2\/posts\/4162\/revisions\/4165"}],"wp:featuredmedia":[{"embeddable":true,"href":"https:\/\/procana.org\/site\/wp-json\/wp\/v2\/media\/4164"}],"wp:attachment":[{"href":"https:\/\/procana.org\/site\/wp-json\/wp\/v2\/media?parent=4162"}],"wp:term":[{"taxonomy":"category","embeddable":true,"href":"https:\/\/procana.org\/site\/wp-json\/wp\/v2\/categories?post=4162"},{"taxonomy":"post_tag","embeddable":true,"href":"https:\/\/procana.org\/site\/wp-json\/wp\/v2\/tags?post=4162"}],"curies":[{"name":"wp","href":"https:\/\/api.w.org\/{rel}","templated":true}]}}