{"id":4084,"date":"2022-03-11T09:46:27","date_gmt":"2022-03-11T14:46:27","guid":{"rendered":"https:\/\/procana.org\/site\/?p=4084"},"modified":"2022-03-17T15:01:45","modified_gmt":"2022-03-17T20:01:45","slug":"seminario-de-costos-en-produccion-de-cana-de-azucar","status":"publish","type":"post","link":"https:\/\/procana.org\/site\/seminario-de-costos-en-produccion-de-cana-de-azucar\/","title":{"rendered":"Seminario de Costos en producci\u00f3n de ca\u00f1a de az\u00facar."},"content":{"rendered":"[et_pb_section fb_built=&#8221;1&#8243; admin_label=&#8221;section&#8221; _builder_version=&#8221;3.22&#8243;][et_pb_row admin_label=&#8221;row&#8221; _builder_version=&#8221;3.25&#8243; background_size=&#8221;initial&#8221; background_position=&#8221;top_left&#8221; background_repeat=&#8221;repeat&#8221;][et_pb_column type=&#8221;4_4&#8243; _builder_version=&#8221;3.25&#8243; custom_padding=&#8221;|||&#8221; custom_padding__hover=&#8221;|||&#8221;][et_pb_text admin_label=&#8221;Text&#8221; _builder_version=&#8221;3.27.4&#8243; background_size=&#8221;initial&#8221; background_position=&#8221;top_left&#8221; background_repeat=&#8221;repeat&#8221;]\n\n<strong style=\"color: #333333; font-size: 26px;\">IDEAS PRACTICAS PARA MEJORAR LA PRODUCTIVIDAD Y LA RENTABILIDAD<\/strong>\n\n<span style=\"font-size: 14px;\">El an\u00e1lisis y control de los costos es una de las principales funciones del propietario de un negocio y para hacerlo, requiere contar con herramientas para tomar decisiones oportunas que le permitan ajustar las pr\u00e1cticas, optimizar las inversiones y mejorar la productividad con el fin de hacer m\u00e1s rentable el negocio.<\/span>\n\n<span style=\"font-size: 14px;\">En PROCA\u00d1A hemos ajustado el formato del evento complementando lo acad\u00e9mico con ideas pr\u00e1cticas de c\u00f3mo reducir costos, presentando ejemplos y entregando algunas plantillas que sirvan de gu\u00eda en la implementaci\u00f3n.<\/span>\n\n<span style=\"font-size: 14px;\">Adicionalmente mostraremos la tabla de costos detallados para zonas norte, centro y sur y para productores grandes, medianos y peque\u00f1os que permita evidenciar las principales variaciones y su justificaci\u00f3n.<\/span>\n\n<strong style=\"font-size: medium; color: #333333;\">OBJETIVOS:<\/strong>\n<ul>\n \t<li><span style=\"font-size: 14px;\">Analizar los costos directos e indirectos en el cultivo de la Ca\u00f1a de az\u00facar por zonas y tama\u00f1o de productor.<\/span><\/li>\n \t<li>Presentar ideas pr\u00e1cticas para reducir costos.<\/li>\n \t<li>Mostrar experiencias, herramientas y tecnolog\u00edas disponibles para la administraci\u00f3n y control de costos.<\/li>\n \t<li>Par\u00e1metros para ajustar la calidad de las labores de campo.<\/li>\n<\/ul>\n<strong style=\"font-size: small; color: #333333;\">DIRIGIDO A:<\/strong>\n\n<span style=\"font-size: 14px;\">Productores de Ca\u00f1a, empresarios y administradores agr\u00edcolas, trabajadores del sector, ingenios, contadores, asesores agr\u00edcolas y financieros, inversionistas, entidades financieras, proveedores de insumos, servicios y equipos, y en general a todos los interesados en el negocio agr\u00edcola y en particular en el cultivo de la Ca\u00f1a de Az\u00facar.<\/span>\n<h2><span style=\"font-size: medium;\"><strong>AGENDA:<\/strong><\/span><\/h2>\n07:45 Inscripciones\n\n<span style=\"font-size: 14px;\">08:00 Instalaci\u00f3n del evento<\/span>\n\n08:10 An\u00e1lisis de costos de producci\u00f3n y variables&nbsp;&nbsp; &#8211; <strong>Martha Betancourt M \u2013 PROCA\u00d1A<\/strong>\n\n09:00 Programa Integra: herramienta de mejoramiento sostenible- <strong>Sandra Alarc\u00f3n<\/strong>&#8211; <strong>Cenica\u00f1a<\/strong>&nbsp;\n\n09:30 Preguntas\n\n<span style=\"font-size: 14px;\">09:45 Refrigerio<\/span>\n\n<strong>IDEAS PR\u00c1CTICAS PARA REDUCIR COSTOS: Pasando de la teor\u00eda a la practica<\/strong>\n\n10:15 \u00bfC\u00f3mo evaluar la rentabilidad de una inversi\u00f3n o proyecto? Caso practico &#8211; <b>Oscar Le\u00f3n&nbsp;Garc\u00eda&nbsp;<\/b>&#8211; Especialista en Finanzas y Administrador de Negocios de la Universidad EAFIT, Medell\u00edn.\n\n11:00 Preguntas\n\n<strong>BENEFICIOS ECON\u00d3MICOS Y AMBIENTALES DE LA CALIBRACION DE EQUIPOS<\/strong>\n\n11:15 Control de calidad y desinfecci\u00f3n&nbsp;equipos de cosecha &#8211; <strong style=\"font-size: 14px;\">Juli\u00e1n Bol\u00edvar Director de CAT Riopaila y Fredy Ovando Especialista en Mejora Continua<\/strong>\n\n<span style=\"font-size: 14px;\">12:00 Almuerzo<\/span>\n\n<span style=\"font-size: 14px;\">01:00 Calibraci\u00f3n de equipos en labores de roturaci\u00f3n &#8211; <\/span><b style=\"font-size: 14px;\">Pedro <\/b><b>Iv\u00e1n<\/b><b style=\"font-size: 14px;\">&nbsp;Bastidas &#8211;<\/b><span style=\"font-size: 14px;\"> Ingeniero Agr\u00f3nomo con \u00e9nfasis en&nbsp;<\/span><span style=\"font-size: 14px;\">mejoramiento vegetal- Asesor Consultor.<\/span>\n\n<span style=\"font-size: 14px;\">01:45 Calibraci\u00f3n de equipos de Fertilizaci\u00f3n &#8211; Conferencista por definir-<\/span>\n\n02:30 Calibraci\u00f3n&nbsp;de equipos de subsuelo- una alternativa para reducir la compactaci\u00f3n &#8211; <strong style=\"font-size: 14px;\">Arnoby&nbsp;<\/strong><b>Rodr\u00edguez<\/b>\n\n<span style=\"font-size: 14px;\">03:15 Preguntas<\/span>\n\n<span style=\"font-size: 14px;\">03:30 Importancia de los programas sociales para la sostenibilidad del territorio \u2013 <\/span><b style=\"font-size: 14px;\">Ana Milena Lemos- directora <\/b><b>Fundaci\u00f3n<\/b><b style=\"font-size: 14px;\">&nbsp;Caicedo <\/b><b>Gonz\u00e1lez<\/b><b style=\"font-size: 14px;\">&nbsp;Riopaila Castilla<\/b>\n\n&nbsp;<span style=\"font-size: 14px;\">04:15 Efectos econ\u00f3micos de las nuevas pr\u00e1cticas en la Plantilla de costos: &#8211; <\/span><strong style=\"font-size: 14px;\">Martha Betancourt M \u2013 PROCA\u00d1A<\/strong>\n\n&nbsp;<span style=\"font-size: 14px;\">04:45 Preguntas y cierre<\/span>\n\n<strong style=\"font-size: medium; color: #333333;\">INFORMACI\u00d3N Y TARIFAS:<\/strong>\n<h3><span style=\"font-size: medium;\">E<em>vento presencial<\/em><\/span><\/h3>\n<strong style=\"font-size: 14px;\">D\u00eda: <\/strong><span style=\"font-size: 14px;\">Jueves, 24 marzo 2022<\/span>\n\n<strong style=\"font-size: 14px;\">Lugar:<\/strong><span style=\"font-size: 14px;\"> Hotel Marriot<\/span>\n\n<strong style=\"font-size: 14px;\">Horario:<\/strong><span style=\"font-size: 14px;\"> 7:45am &#8211; 4:45pm<\/span>\n\n<strong style=\"color: #333333; font-size: 22px;\">Tarifas:<\/strong>\n\n<span style=\"font-size: 14px;\">1. Afiliado: 357.000 incluido IVA<\/span>\n\n<span style=\"font-size: 14px;\">2. No Afiliados: 476.000 incluido IVA<\/span>\n\n<span style=\"font-size: 14px;\">3. J\u00f3venes: 214.200 Incluido IVA<\/span>\n\n<strong>Descuento de 10% par 2 o m\u00e1s&nbsp;personas<\/strong>\n\n<strong style=\"font-size: 14px;\"><\/strong>\n\n<strong style=\"font-size: 14px;\">Inscr\u00edbase aqu\u00ed: <\/strong><span style=\"font-size: 14px;\">https:\/\/forms.gle\/pz7nSidaxjAeJFzF6<\/span>\n\n<strong style=\"font-size: 14px;\">M\u00e1s Informaci\u00f3n:<\/strong>\n\n<span style=\"font-size: 14px;\">-Katherine V\u00e9lez: 311 367 8239<\/span>\n\nservicios2@procana.org\n-Alejandra Acebedo: 310 825 9113\nservicios@procana.org\n\n&nbsp;\n\n\n\n&nbsp;\n\n[\/et_pb_text][\/et_pb_column][\/et_pb_row][\/et_pb_section]<!-- \/wp:post-content -->","protected":false},"excerpt":{"rendered":"<p>IDEAS PRACTICAS PARA MEJORAR LA PRODUCTIVIDAD Y LA RENTABILIDAD El an\u00e1lisis y control de los costos es una de las principales funciones del propietario de un negocio y para hacerlo, requiere contar con herramientas para tomar decisiones oportunas que le permitan ajustar las pr\u00e1cticas, optimizar las inversiones y mejorar la productividad con el fin de [&hellip;]<\/p>\n","protected":false},"author":442,"featured_media":4085,"comment_status":"open","ping_status":"open","sticky":false,"template":"","format":"standard","meta":{"_et_pb_use_builder":"on","_et_pb_old_content":"<!-- wp:heading -->\n<h2><strong>IDEAS PRACTICAS PARA MEJORAR LA PRODUCTIVIDAD Y LA RENTABILIDAD<\/strong><\/h2>\n<!-- \/wp:heading -->\n\n<!-- wp:paragraph -->\n<p>El an\u00e1lisis y control de los costos es una de las principales funciones del propietario de un negocio y para hacerlo, requiere contar con herramientas para tomar decisiones oportunas que le permitan ajustar las pr\u00e1cticas, optimizar las inversiones y mejorar la productividad con el fin de hacer m\u00e1s rentable el negocio.<\/p>\n<!-- \/wp:paragraph -->\n\n<!-- wp:paragraph -->\n<p>En PROCA\u00d1A hemos ajustado el formato del evento complementando lo acad\u00e9mico con ideas pr\u00e1cticas de c\u00f3mo reducir costos, presentando ejemplos y entregando algunas plantillas que sirvan de gu\u00eda en la implementaci\u00f3n.<\/p>\n<!-- \/wp:paragraph -->\n\n<!-- wp:paragraph -->\n<p>Adicionalmente mostraremos la tabla de costos detallados para zonas norte, centro y sur y para productores grandes, medianos y peque\u00f1os que permita evidenciar las principales variaciones y su justificaci\u00f3n.<\/p>\n<!-- \/wp:paragraph -->\n\n<!-- wp:heading -->\n<h2><strong>OBJETIVOS:<\/strong><\/h2>\n<!-- \/wp:heading -->\n\n<!-- wp:list -->\n<ul><li>Analizar los costos directos e indirectos en el cultivo de la Ca\u00f1a de az\u00facar por zonas y tama\u00f1o de productor.<\/li><\/ul>\n<!-- \/wp:list -->\n\n<!-- wp:list -->\n<ul><li>Presentar ideas pr\u00e1cticas para reducir costos.<\/li><\/ul>\n<!-- \/wp:list -->\n\n<!-- wp:list -->\n<ul><li>Mostrar experiencias, herramientas y tecnolog\u00edas disponibles para la administraci\u00f3n y control de costos.<\/li><\/ul>\n<!-- \/wp:list -->\n\n<!-- wp:list -->\n<ul><li>Par\u00e1metros para ajustar la calidad de las labores de campo.<\/li><\/ul>\n<!-- \/wp:list -->\n\n<!-- wp:heading -->\n<h2><strong><u>DIRIGIDO A:<\/u><\/strong><\/h2>\n<!-- \/wp:heading -->\n\n<!-- wp:paragraph -->\n<p>Productores de Ca\u00f1a, empresarios y administradores agr\u00edcolas, trabajadores del sector, ingenios, contadores, asesores agr\u00edcolas y financieros, inversionistas, entidades financieras, proveedores de insumos, servicios y equipos, y en general a todos los interesados en el negocio agr\u00edcola y en particular en el cultivo de la Ca\u00f1a de Az\u00facar.<\/p>\n<!-- \/wp:paragraph -->\n\n<!-- wp:heading -->\n<h2><strong>AGENDA:<\/strong><\/h2>\n<!-- \/wp:heading -->\n\n<!-- wp:paragraph -->\n<p>07:45 Inscripciones<\/p>\n<!-- \/wp:paragraph -->\n\n<!-- wp:paragraph -->\n<p>08:00 Instalaci\u00f3n del evento<\/p>\n<!-- \/wp:paragraph -->\n\n<!-- wp:paragraph -->\n<p>08:10 An\u00e1lisis de costos de producci\u00f3n y variables&nbsp;&nbsp; - <strong>Martha Betancourt M \u2013 PROCA\u00d1A<\/strong><\/p>\n<!-- \/wp:paragraph -->\n\n<!-- wp:paragraph -->\n<p>09:00 Programa Integra: herramienta de mejoramiento sostenible- <strong>Sandra Alarc\u00f3n<\/strong>- <strong>Cenica\u00f1a<\/strong> Ok correo<\/p>\n<!-- \/wp:paragraph -->\n\n<!-- wp:paragraph -->\n<p>09:30 Preguntas<\/p>\n<!-- \/wp:paragraph -->\n\n<!-- wp:paragraph -->\n<p>09:45 Refrigerio<\/p>\n<!-- \/wp:paragraph -->\n\n<!-- wp:paragraph -->\n<p><strong>IDEAS PR\u00c1CTICAS PARA REDUCIR COSTOS: Pasando de la teor\u00eda a la practica<\/strong><\/p>\n<!-- \/wp:paragraph -->\n\n<!-- wp:paragraph -->\n<p>10:15 \u00bfComo evaluar la rentabilidad de una inversion o proyecto? Caso practico - <strong>Oscar Leon Garcia <\/strong>- Especialista en Finanzas y Administrador de Negocios de la Universidad EAFIT, Medell\u00edn.<\/p>\n<!-- \/wp:paragraph -->\n\n<!-- wp:paragraph -->\n<p>11:00 Preguntas<\/p>\n<!-- \/wp:paragraph -->\n\n<!-- wp:paragraph -->\n<p><strong>BENEFICIOS ECON\u00d3MICOS Y AMBIENTALES DE LA CALIBRACION DE EQUIPOS<\/strong><\/p>\n<!-- \/wp:paragraph -->\n\n<!-- wp:paragraph -->\n<p>11:15 Control de calidad y desinfeccion equipos de cosecha - <strong>Juli\u00e1n Bol\u00edvar Director de CAT Riopaila y Fredy Ovando Especialista en Mejora Continua<\/strong><\/p>\n<!-- \/wp:paragraph -->\n\n<!-- wp:paragraph -->\n<p>12:00 Almuerzo<\/p>\n<!-- \/wp:paragraph -->\n\n<!-- wp:paragraph -->\n<p>01:00 Calibraci\u00f3n de equipos en labores de roturaci\u00f3n - <strong>Pedro Ivan Bastidas -<\/strong> Ingeniero Agr\u00f3nomo con \u00e9nfasis en&nbsp;&nbsp; &nbsp;<\/p>\n<!-- \/wp:paragraph -->\n\n<!-- wp:paragraph -->\n<p>mejoramiento vegetal- Asesor Consultor.<\/p>\n<!-- \/wp:paragraph -->\n\n<!-- wp:paragraph -->\n<p>01:45 Calibracion de equipos de Fertilizacion - Conferencista por definir-<\/p>\n<!-- \/wp:paragraph -->\n\n<!-- wp:paragraph -->\n<p>02:30Calibracion de equipos de subsuelo- una alternativa para reducir la compactaci\u00f3n - <strong>Arnoby Rodriguez <\/strong><\/p>\n<!-- \/wp:paragraph -->\n\n<!-- wp:paragraph -->\n<p>03:15 Preguntas<\/p>\n<!-- \/wp:paragraph -->\n\n<!-- wp:paragraph -->\n<p>03:30 Importancia de los programas sociales para la sostenibilidad del territorio \u2013 <strong>Ana Milena Lemos- directora Fundacion Caicedo Gonzalez Riopaila Castilla<\/strong><\/p>\n<!-- \/wp:paragraph -->\n\n<!-- wp:paragraph -->\n<p>04:15 Efectos econ\u00f3micos de las nuevas pr\u00e1cticas en la Plantilla de costos: - <strong>Martha Betancourt M \u2013 PROCA\u00d1A<\/strong><\/p>\n<!-- \/wp:paragraph -->\n\n<!-- wp:paragraph -->\n<p>04:45 Preguntas y cierre<\/p>\n<!-- \/wp:paragraph -->\n\n<!-- wp:heading -->\n<h2>I<strong>NFORMACI\u00d3N Y TARIFAS: <\/strong><\/h2>\n<!-- \/wp:heading -->\n\n<!-- wp:heading {\"level\":3} -->\n<h3>E<em>vento presencial<\/em><\/h3>\n<!-- \/wp:heading -->\n\n<!-- wp:paragraph -->\n<p><strong>D\u00eda: <\/strong>Jueves, 24 marzo 2022<\/p>\n<!-- \/wp:paragraph -->\n\n<!-- wp:paragraph -->\n<p><strong>Lugar:<\/strong> Hotel Marriot<\/p>\n<!-- \/wp:paragraph -->\n\n<!-- wp:paragraph -->\n<p><strong>Horario:<\/strong> 7:45am - 4:45pm<\/p>\n<!-- \/wp:paragraph -->\n\n<!-- wp:heading {\"level\":3} -->\n<h3><strong>Tarifas:<\/strong> <\/h3>\n<!-- \/wp:heading -->\n\n<!-- wp:paragraph -->\n<p>1. Afiliado: 357.000 incluido IVA<\/p>\n<!-- \/wp:paragraph -->\n\n<!-- wp:paragraph -->\n<p>2. No Afiliados: 476.000 incluido IVA<\/p>\n<!-- \/wp:paragraph -->\n\n<!-- wp:paragraph -->\n<p>3. J\u00f3venes: 214.200 Incluido IVA<br><strong>Descuento de 10% par 2 o m\u00e1s\u00a0personas<\/strong><\/p>\n<!-- \/wp:paragraph -->\n\n<!-- wp:paragraph -->\n<p>_____________________________________________________________________________________________________________________________________<\/p>\n<!-- \/wp:paragraph -->\n\n<!-- wp:paragraph -->\n<p><strong>Inscr\u00edbase aqu\u00ed: <\/strong>https:\/\/forms.gle\/pz7nSidaxjAeJFzF6 <\/p>\n<!-- \/wp:paragraph -->\n\n<!-- wp:paragraph -->\n<p><strong>M\u00e1s Informaci\u00f3n: <\/strong><\/p>\n<!-- \/wp:paragraph -->\n\n<!-- wp:paragraph -->\n<p>-Katherine V\u00e9lez: 311 367 8239<br>servicios2@procana.org<br>-Alejandra Acebedo: 310 825 9113<br>servicios@procana.org<\/p>\n<!-- \/wp:paragraph -->","_et_gb_content_width":"","footnotes":""},"categories":[4,6],"tags":[],"class_list":["post-4084","post","type-post","status-publish","format-standard","has-post-thumbnail","hentry","category-noticias","category-noticias-en-general"],"_links":{"self":[{"href":"https:\/\/procana.org\/site\/wp-json\/wp\/v2\/posts\/4084","targetHints":{"allow":["GET"]}}],"collection":[{"href":"https:\/\/procana.org\/site\/wp-json\/wp\/v2\/posts"}],"about":[{"href":"https:\/\/procana.org\/site\/wp-json\/wp\/v2\/types\/post"}],"author":[{"embeddable":true,"href":"https:\/\/procana.org\/site\/wp-json\/wp\/v2\/users\/442"}],"replies":[{"embeddable":true,"href":"https:\/\/procana.org\/site\/wp-json\/wp\/v2\/comments?post=4084"}],"version-history":[{"count":5,"href":"https:\/\/procana.org\/site\/wp-json\/wp\/v2\/posts\/4084\/revisions"}],"predecessor-version":[{"id":4131,"href":"https:\/\/procana.org\/site\/wp-json\/wp\/v2\/posts\/4084\/revisions\/4131"}],"wp:featuredmedia":[{"embeddable":true,"href":"https:\/\/procana.org\/site\/wp-json\/wp\/v2\/media\/4085"}],"wp:attachment":[{"href":"https:\/\/procana.org\/site\/wp-json\/wp\/v2\/media?parent=4084"}],"wp:term":[{"taxonomy":"category","embeddable":true,"href":"https:\/\/procana.org\/site\/wp-json\/wp\/v2\/categories?post=4084"},{"taxonomy":"post_tag","embeddable":true,"href":"https:\/\/procana.org\/site\/wp-json\/wp\/v2\/tags?post=4084"}],"curies":[{"name":"wp","href":"https:\/\/api.w.org\/{rel}","templated":true}]}}