{"id":3987,"date":"2022-02-28T13:22:47","date_gmt":"2022-02-28T18:22:47","guid":{"rendered":"https:\/\/procana.org\/site\/?p=3987"},"modified":"2022-03-17T15:01:22","modified_gmt":"2022-03-17T20:01:22","slug":"ideam-preve-incremento-de-fuertes-lluvias","status":"publish","type":"post","link":"https:\/\/procana.org\/site\/ideam-preve-incremento-de-fuertes-lluvias\/","title":{"rendered":"IDEAM- Prev\u00e9 incremento de fuertes lluvias."},"content":{"rendered":"\n<p>Se prev\u00e9n fuertes lluvias acompa\u00f1adas de tormentas el\u00e9ctricas, especialmente en el centro y sur del territorio nacional. Se recomienda reforzar las medidas preventivas en cuanto a probabilidades de crecientes y deslizamientos de tierra. <\/p>\n\n\n\n<figure class=\"wp-block-video\"><video height=\"720\" style=\"aspect-ratio: 1280 \/ 720;\" width=\"1280\" controls src=\"https:\/\/procana.org\/site\/wp-content\/uploads\/2022\/02\/WhatsApp-Video-2022-02-28-at-8.05.31-AM.mp4\"><\/video><\/figure>\n\n\n\n<p><\/p>\n\n\n\n<figure class=\"wp-block-image size-large\"><img loading=\"lazy\" decoding=\"async\" width=\"1024\" height=\"1024\" src=\"https:\/\/procana.org\/site\/wp-content\/uploads\/2022\/02\/Pieza-temporada-de-lluvias-1-1024x1024.jpg\" alt=\"\" class=\"wp-image-3989\"\/><\/figure>\n","protected":false},"excerpt":{"rendered":"<p>Se prev\u00e9n fuertes lluvias acompa\u00f1adas de tormentas el\u00e9ctricas, especialmente en el centro y sur del territorio nacional. Se recomienda reforzar las medidas preventivas en cuanto a probabilidades de crecientes y deslizamientos de tierra.<\/p>\n","protected":false},"author":442,"featured_media":3990,"comment_status":"open","ping_status":"open","sticky":false,"template":"","format":"standard","meta":{"_et_pb_use_builder":"","_et_pb_old_content":"","_et_gb_content_width":"","footnotes":""},"categories":[4,6],"tags":[],"class_list":["post-3987","post","type-post","status-publish","format-standard","has-post-thumbnail","hentry","category-noticias","category-noticias-en-general"],"_links":{"self":[{"href":"https:\/\/procana.org\/site\/wp-json\/wp\/v2\/posts\/3987","targetHints":{"allow":["GET"]}}],"collection":[{"href":"https:\/\/procana.org\/site\/wp-json\/wp\/v2\/posts"}],"about":[{"href":"https:\/\/procana.org\/site\/wp-json\/wp\/v2\/types\/post"}],"author":[{"embeddable":true,"href":"https:\/\/procana.org\/site\/wp-json\/wp\/v2\/users\/442"}],"replies":[{"embeddable":true,"href":"https:\/\/procana.org\/site\/wp-json\/wp\/v2\/comments?post=3987"}],"version-history":[{"count":1,"href":"https:\/\/procana.org\/site\/wp-json\/wp\/v2\/posts\/3987\/revisions"}],"predecessor-version":[{"id":3991,"href":"https:\/\/procana.org\/site\/wp-json\/wp\/v2\/posts\/3987\/revisions\/3991"}],"wp:featuredmedia":[{"embeddable":true,"href":"https:\/\/procana.org\/site\/wp-json\/wp\/v2\/media\/3990"}],"wp:attachment":[{"href":"https:\/\/procana.org\/site\/wp-json\/wp\/v2\/media?parent=3987"}],"wp:term":[{"taxonomy":"category","embeddable":true,"href":"https:\/\/procana.org\/site\/wp-json\/wp\/v2\/categories?post=3987"},{"taxonomy":"post_tag","embeddable":true,"href":"https:\/\/procana.org\/site\/wp-json\/wp\/v2\/tags?post=3987"}],"curies":[{"name":"wp","href":"https:\/\/api.w.org\/{rel}","templated":true}]}}