{"id":3931,"date":"2022-02-17T08:49:00","date_gmt":"2022-02-17T13:49:00","guid":{"rendered":"https:\/\/procana.org\/site\/?p=3931"},"modified":"2022-03-17T15:00:19","modified_gmt":"2022-03-17T20:00:19","slug":"mas-de-400-familias-afectadas-por-ola-invernalreciben-ayudas-alimentarias","status":"publish","type":"post","link":"https:\/\/procana.org\/site\/mas-de-400-familias-afectadas-por-ola-invernalreciben-ayudas-alimentarias\/","title":{"rendered":"M\u00e1s de 400 familias afectadas por ola invernal<br>reciben ayudas alimentarias"},"content":{"rendered":"\n<h2 class=\"wp-block-heading\" id=\"unidos-por-los-damnificados-del-invierno-en-suroriente-del-valle\">Unidos por los damnificados del invierno en suroriente del Valle.<\/h2>\n\n\n\n<p class=\"has-text-align-left\">Proca\u00f1a, sus proveedores afiliados y la Fundaci\u00f3n Caicedo Gonz\u00e1lez Riopaila Castilla, se unen para entregar a m\u00e1s de 2000 personas damnificadas por el desbordamiento del r\u00edo Ca\u00f1as, en las zonas de Llanito, Chocosito y Bolo, en los municipios de Florida y Pradera, ayudas alimentarias buscando mitigar los impactos de la ola invernal, despu\u00e9s del desbordamiento ocurrido el pasado 11 de enero. Las m\u00e1s de 400 familias apoyadas, presentan limitadas condiciones sociales y econ\u00f3micas y est\u00e1n integradas por mayor\u00eda de poblaci\u00f3n infantil, mujeres y adultos mayores, quienes perdieron su principal fuente de ingreso, los cultivos, enseres, destrucci\u00f3n total o parcial de viviendas, infraestructura productiva, acueductos, derrumbes, desabastecimiento de agua potable, entre otras situaciones.<\/p>\n\n\n\n<p class=\"has-text-align-left\">Conscientes que la uni\u00f3n hace la fuerza, Proca\u00f1a y la Fundaci\u00f3n Caicedo Gonz\u00e1lez Riopaila Castilla realizaron un llamado a los productores de ca\u00f1a para contribuir a la seguridad alimentaria de personas que se han visto perjudicados por el invierno, especialmente residentes de la zona rural, entre ellos ind\u00edgenas, campesinos y afrocolombianos.<\/p>\n\n\n\n<p class=\"has-text-align-left\">La actividad, realizada el mi\u00e9rcoles 16 de febrero, cont\u00f3 con la participaci\u00f3n de la Directora Ejecutiva de Proca\u00f1a, Martha Betancourt; la Coordinadora Social de la Fundaci\u00f3n Caicedo Gonz\u00e1lez Riopaila Castilla, Mar\u00eda Virginia del Risco; el Gerente de Balsilla SAS, Fernando Hoyos; delegados del Ingenio Mar\u00eda Luisa y Riopaila Castilla, y las empresas Bengala Agr\u00edcola y Castilla Agr\u00edcola, entre otras entidades participantes de esta iniciativa.<\/p>\n\n\n\n<p class=\"has-text-align-left\">La inversi\u00f3n supera los $30 millones e incluy\u00f3 material informativo de uso familiar.<\/p>\n\n\n\n<figure class=\"wp-block-image size-large\"><img loading=\"lazy\" decoding=\"async\" width=\"1024\" height=\"640\" src=\"https:\/\/procana.org\/site\/wp-content\/uploads\/2022\/02\/Funda-Rio-Paila-y-Procana-Entrega-Donaciones-1024x640.jpeg\" alt=\"\" class=\"wp-image-3933\"\/><figcaption>Equipo Proca\u00f1a y Fundaci\u00f3n Caicedo Gonz\u00e1lez &#8211; Inicio jornada Entrega donaciones familias de zona rural Floria, Valle del Cauca.<\/figcaption><\/figure>\n\n\n\n<p class=\"has-text-align-left\">Ang\u00e9lica Mar\u00eda Berrio, Jefe de Comunicaciones Proca\u00f1a &#8211; 313 497 7303<\/p>\n\n\n\n<p>Andr\u00e9s Cadavid C, Jefe de Comunicaciones FCRCG &#8211; 320 873 7141<\/p>\n\n\n\n<p><\/p>\n","protected":false},"excerpt":{"rendered":"<p>Unidos por los damnificados del invierno en suroriente del Valle. Proca\u00f1a, sus proveedores afiliados y la Fundaci\u00f3n Caicedo Gonz\u00e1lez Riopaila Castilla, se unen para entregar a m\u00e1s de 2000 personas damnificadas por el desbordamiento del r\u00edo Ca\u00f1as, en las zonas de Llanito, Chocosito y Bolo, en los municipios de Florida y Pradera, ayudas alimentarias buscando [&hellip;]<\/p>\n","protected":false},"author":442,"featured_media":3932,"comment_status":"open","ping_status":"open","sticky":false,"template":"","format":"standard","meta":{"_et_pb_use_builder":"","_et_pb_old_content":"","_et_gb_content_width":"","footnotes":""},"categories":[4,6],"tags":[],"class_list":["post-3931","post","type-post","status-publish","format-standard","has-post-thumbnail","hentry","category-noticias","category-noticias-en-general"],"_links":{"self":[{"href":"https:\/\/procana.org\/site\/wp-json\/wp\/v2\/posts\/3931","targetHints":{"allow":["GET"]}}],"collection":[{"href":"https:\/\/procana.org\/site\/wp-json\/wp\/v2\/posts"}],"about":[{"href":"https:\/\/procana.org\/site\/wp-json\/wp\/v2\/types\/post"}],"author":[{"embeddable":true,"href":"https:\/\/procana.org\/site\/wp-json\/wp\/v2\/users\/442"}],"replies":[{"embeddable":true,"href":"https:\/\/procana.org\/site\/wp-json\/wp\/v2\/comments?post=3931"}],"version-history":[{"count":1,"href":"https:\/\/procana.org\/site\/wp-json\/wp\/v2\/posts\/3931\/revisions"}],"predecessor-version":[{"id":3934,"href":"https:\/\/procana.org\/site\/wp-json\/wp\/v2\/posts\/3931\/revisions\/3934"}],"wp:featuredmedia":[{"embeddable":true,"href":"https:\/\/procana.org\/site\/wp-json\/wp\/v2\/media\/3932"}],"wp:attachment":[{"href":"https:\/\/procana.org\/site\/wp-json\/wp\/v2\/media?parent=3931"}],"wp:term":[{"taxonomy":"category","embeddable":true,"href":"https:\/\/procana.org\/site\/wp-json\/wp\/v2\/categories?post=3931"},{"taxonomy":"post_tag","embeddable":true,"href":"https:\/\/procana.org\/site\/wp-json\/wp\/v2\/tags?post=3931"}],"curies":[{"name":"wp","href":"https:\/\/api.w.org\/{rel}","templated":true}]}}