{"id":3912,"date":"2022-02-14T11:31:35","date_gmt":"2022-02-14T16:31:35","guid":{"rendered":"https:\/\/procana.org\/site\/?p=3912"},"modified":"2022-03-17T14:59:27","modified_gmt":"2022-03-17T19:59:27","slug":"ii-encuentro-canicultor","status":"publish","type":"post","link":"https:\/\/procana.org\/site\/ii-encuentro-canicultor\/","title":{"rendered":"II Encuentro Ca\u00f1icultor &#8211; Sostenibilidad Patrimonial."},"content":{"rendered":"\n<h2 class=\"wp-block-heading\" id=\"alternativas-para-resolver-y-evitar-las-crisis-en-empresas-familiares\"><strong>Alternativas para resolver y evitar las crisis en empresas familiares<\/strong><\/h2>\n\n\n\n<p>En la primera edici\u00f3n del Encuentro Ca\u00f1icultor 2022, tuvimos como invitados a Pablo Agust\u00edn Londo\u00f1o y a Oswaldo Robles Acu\u00f1a quienes desarrollaron temas de inter\u00e9s para nuestros asociados, como por ejemplo, el doctor Pablo Londo\u00f1o trat\u00f3 el tema de Cuatro Generaciones en la era del cambio, haci\u00e9ndonos entender c\u00f3mo la diferencia generacional influye en los proyectos, oblig\u00e1ndonos a trabajar unidos como equipo en pro de desarrollar alternativas que haga crecer el negocio familiar y el doctor Robles nos expuso la importancia de los esquemas de concertaci\u00f3n familiar, donde nos explic\u00f3 la importancia de la anticipaci\u00f3n de riesgos en un ambiente de claridad dan confianza con todos los miembros y abarca elementos de operaci\u00f3n, tributarios, contables y administrativos que armonizan y generan valor sostenible para todos.<\/p>\n\n\n\n<p>El encuentro se llevo acabo v\u00eda Zoom y tuvo la participaci\u00f3n de 120 personas, en esta oportunidad lo invitamos a participar en el II Encuentro Ca\u00f1icultor 2022 v\u00eda Zoom, en el cu\u00e1l tendremos como conferencistas invitados al doctor Tulio Restrepo quien abordar\u00e1 el tema de Esquema tributario para la organizaci\u00f3n Patrimonial y nuevamente nos acompa\u00f1a el doctor Oswaldo Robles para darle continuidad a la primera parte del Encuentro y expandir el tema a profundidad.<\/p>\n\n\n\n<p>Por su puesto tendr\u00e1 la oportunidad de hacer todas las preguntas pertinentes al tema a los conferencistas, ser\u00e1 un espacio de dialogo y aprendizaje. Los esperamos. <\/p>\n\n\n\n<p>Si a\u00fan no esta inscrito podr\u00e1 hacerlo desde este enlace https:\/\/bit.ly\/3rMPAI2, este evento es completamente gratuito para afiliados. Para m\u00e1s informaci\u00f3n, puede comunicarse directamente con nosotros: <br>-Katherine V\u00e9lez: 311 367 8239<br>servicios2@procana.org<\/p>\n\n\n\n<p>-Alejandra Acebedo: 310 825 9113<br>servicios@procana.org<\/p>\n\n\n\n<p><\/p>\n\n\n\n<p><\/p>\n\n\n<p>[\/et_pb_text][\/et_pb_column]<br>\n\t\t\t[\/et_pb_row]<br>\n\t\t[\/et_pb_section]<\/p>","protected":false},"excerpt":{"rendered":"<p>Alternativas para resolver y evitar las crisis en empresas familiares En la primera edici\u00f3n del Encuentro Ca\u00f1icultor 2022, tuvimos como invitados a Pablo Agust\u00edn Londo\u00f1o y a Oswaldo Robles Acu\u00f1a quienes desarrollaron temas de inter\u00e9s para nuestros asociados, como por ejemplo, el doctor Pablo Londo\u00f1o trat\u00f3 el tema de Cuatro Generaciones en la era del [&hellip;]<\/p>\n","protected":false},"author":442,"featured_media":3913,"comment_status":"open","ping_status":"open","sticky":false,"template":"","format":"standard","meta":{"_et_pb_use_builder":"on","_et_pb_old_content":"<!-- wp:heading -->\n<h2 id=\"alternativas-para-resolver-y-evitar-las-crisis-en-empresas-familiares\"><strong>Alternativas para resolver y evitar las crisis en empresas familiares<\/strong><\/h2>\n<!-- \/wp:heading -->\n\n<!-- wp:paragraph -->\n<p>En la primera edici\u00f3n del Encuentro Ca\u00f1icultor 2022, tuvimos como invitados a Pablo Agust\u00edn Londo\u00f1o y a Oswaldo Robles Acu\u00f1a quienes desarrollaron temas de inter\u00e9s para nuestros asociados, como por ejemplo, el doctor Pablo Londo\u00f1o trat\u00f3 el tema de Cuatro Generaciones en la era del cambio, haci\u00e9ndonos entender c\u00f3mo la diferencia generacional influye en los proyectos, oblig\u00e1ndonos a trabajar unidos como equipo en pro de desarrollar alternativas que haga crecer el negocio familiar y el doctor Robles nos expuso la importancia de los esquemas de concertaci\u00f3n familiar, donde nos explic\u00f3 la importancia de la anticipaci\u00f3n de riesgos en un ambiente de claridad dan confianza con todos los miembros y abarca elementos de operaci\u00f3n, tributarios, contables y administrativos que armonizan y generan valor sostenible para todos.<\/p>\n<!-- \/wp:paragraph -->\n\n<!-- wp:paragraph -->\n<p>El encuentro se llevo acabo v\u00eda Zoom y tuvo la participaci\u00f3n de 120 personas, en esta oportunidad lo invitamos a participar en el II Encuentro Ca\u00f1icultor 2022 v\u00eda Zoom, en el cu\u00e1l tendremos como conferencistas invitados al doctor Tulio Restrepo quien abordar\u00e1 el tema de Esquema tributario para la organizaci\u00f3n Patrimonial y nuevamente nos acompa\u00f1a el doctor Oswaldo Robles para darle continuidad a la primera parte del Encuentro y expandir el tema a profundidad.<\/p>\n<!-- \/wp:paragraph -->\n\n<!-- wp:paragraph -->\n<p>Por su puesto tendr\u00e1 la oportunidad de hacer todas las preguntas pertinentes al tema a los conferencistas, ser\u00e1 un espacio de dialogo y aprendizaje. Los esperamos. <\/p>\n<!-- \/wp:paragraph -->\n\n<!-- wp:paragraph -->\n<p>Si a\u00fan no esta inscrito podr\u00e1 hacerlo desde este enlace https:\/\/bit.ly\/3rMPAI2, este evento es completamente gratuito para afiliados. Para m\u00e1s informaci\u00f3n, puede comunicarse directamente con nosotros: <br>-Katherine V\u00e9lez: 311 367 8239<br>servicios2@procana.org<\/p>\n<!-- \/wp:paragraph -->\n\n<!-- wp:paragraph -->\n<p>-Alejandra Acebedo: 310 825 9113<br>servicios@procana.org<\/p>\n<!-- \/wp:paragraph -->\n\n<!-- wp:paragraph -->\n<p><\/p>\n<!-- \/wp:paragraph -->\n\n<!-- wp:paragraph -->\n<p><\/p>\n<!-- \/wp:paragraph -->","_et_gb_content_width":"","footnotes":""},"categories":[4,6],"tags":[],"class_list":["post-3912","post","type-post","status-publish","format-standard","has-post-thumbnail","hentry","category-noticias","category-noticias-en-general"],"_links":{"self":[{"href":"https:\/\/procana.org\/site\/wp-json\/wp\/v2\/posts\/3912","targetHints":{"allow":["GET"]}}],"collection":[{"href":"https:\/\/procana.org\/site\/wp-json\/wp\/v2\/posts"}],"about":[{"href":"https:\/\/procana.org\/site\/wp-json\/wp\/v2\/types\/post"}],"author":[{"embeddable":true,"href":"https:\/\/procana.org\/site\/wp-json\/wp\/v2\/users\/442"}],"replies":[{"embeddable":true,"href":"https:\/\/procana.org\/site\/wp-json\/wp\/v2\/comments?post=3912"}],"version-history":[{"count":6,"href":"https:\/\/procana.org\/site\/wp-json\/wp\/v2\/posts\/3912\/revisions"}],"predecessor-version":[{"id":3920,"href":"https:\/\/procana.org\/site\/wp-json\/wp\/v2\/posts\/3912\/revisions\/3920"}],"wp:featuredmedia":[{"embeddable":true,"href":"https:\/\/procana.org\/site\/wp-json\/wp\/v2\/media\/3913"}],"wp:attachment":[{"href":"https:\/\/procana.org\/site\/wp-json\/wp\/v2\/media?parent=3912"}],"wp:term":[{"taxonomy":"category","embeddable":true,"href":"https:\/\/procana.org\/site\/wp-json\/wp\/v2\/categories?post=3912"},{"taxonomy":"post_tag","embeddable":true,"href":"https:\/\/procana.org\/site\/wp-json\/wp\/v2\/tags?post=3912"}],"curies":[{"name":"wp","href":"https:\/\/api.w.org\/{rel}","templated":true}]}}