{"id":3806,"date":"2022-01-21T11:50:57","date_gmt":"2022-01-21T16:50:57","guid":{"rendered":"https:\/\/procana.org\/site\/?p=3806"},"modified":"2022-01-21T11:50:59","modified_gmt":"2022-01-21T16:50:59","slug":"solidaridad-y-empatia-con-las-familias-de-florida-valle","status":"publish","type":"post","link":"https:\/\/procana.org\/site\/solidaridad-y-empatia-con-las-familias-de-florida-valle\/","title":{"rendered":"Solidaridad y empat\u00eda con las familias de Florida Valle."},"content":{"rendered":"\n[et_pb_section fb_built=&#8221;1&#8243; _builder_version=&#8221;4.8.1&#8243; _module_preset=&#8221;default&#8221;][et_pb_row _builder_version=&#8221;4.8.1&#8243; _module_preset=&#8221;default&#8221;][et_pb_column _builder_version=&#8221;4.8.1&#8243; _module_preset=&#8221;default&#8221; type=&#8221;4_4&#8243;][et_pb_text _builder_version=&#8221;4.8.1&#8243; _module_preset=&#8221;default&#8221; hover_enabled=&#8221;0&#8243; sticky_enabled=&#8221;0&#8243;]<p><em>Proca\u00f1a y la Fundaci\u00f3n Caicedo Gonz\u00e1lez Riopaila Castilla, convocamos a la uni\u00f3n y solidaridad con m\u00e1s 500 familias damnificadas de Pradera y Florida, en el Valle del Cauca, por la emergencia invernal.<\/em><\/p>\n<p><em>En momentos de crisis es cuando el apoyo es la extensi\u00f3n de nuestro coraz\u00f3n.<\/em><\/p>\n<p>Un\u00e1monos para ayudar a estas m\u00e1s de 2.100 personas, muchos de ellos ni\u00f1os, mujeres y ancianos, quienes han perdido cultivos, fuentes de ingreso, enseres, destrucci\u00f3n total o parcial de vivienda, infraestructura productiva, acueductos, bloqueo de v\u00edas, desabastecimiento de agua potable, entre otras adversidades de esta delicada situaci\u00f3n.<\/p>\n<p><strong>\u00bfPor qu\u00e9 apoyar?<\/strong><br \/>Son municipios ca\u00f1icultores y encontramos que es una gran oportunidad para sumar voluntades y apoyar colectiva y decididamente como gremio en esta emergencia.<\/p>\n<p><strong>\u00bfQu\u00e9 donar?<\/strong> Aportes en especie tales como insumos, materiales, alimentos, productos de aseo, materiales de construcci\u00f3n, etc.<\/p>\n<p><strong>\u00bfD\u00f3nde entregar las donaciones?<\/strong><br \/>Sede de la Fundaci\u00f3n Caicedo Gonz\u00e1lez Riopaila Castilla, ubicada en San Antonio de los Caballeros (Florida) para recibir los aportes en especie, si es en efectivo la cuenta bancaria de la Fundaci\u00f3n estar\u00e1 a disposici\u00f3n<\/p>\n<p>Tambien, es necesario env\u00edar constancia de participaci\u00f3n a Proca\u00f1a para tener registro:<\/p>\n<p>Ana Mar\u00eda Garc\u00eda.<\/p>\n<p>312 604 5504 &#8211; servicios1@procana.org<\/p>\n<p><strong>\u00a1Importante!<\/strong> <br \/>Quienes hagan aporte es efectivo recibir\u00e1n certificado de donaci\u00f3n.<\/p>\n<p>Mayor informaci\u00f3n con:<br \/>Mar\u00eda Virginia del Risco Patr\u00f3n, Coordinadora social de la Fundaci\u00f3n Caicedo Gonz\u00e1lez Riopaila Castilla.<\/p>\n<p>Celular:\u00a0 3136492653<\/p>\n<p>Correo electr\u00f3nico: social@fcgriopailacastilla.or<\/p>\n[\/et_pb_text][\/et_pb_column][\/et_pb_row][\/et_pb_section]\n","protected":false},"excerpt":{"rendered":"<p>Proca\u00f1a y la Fundaci\u00f3n Caicedo Gonz\u00e1lez Riopaila Castilla, convocamos a la uni\u00f3n y solidaridad con m\u00e1s 500 familias damnificadas de Pradera y Florida, en el Valle del Cauca, por la emergencia invernal. En momentos de crisis es cuando el apoyo es la extensi\u00f3n de nuestro coraz\u00f3n. Un\u00e1monos para ayudar a estas m\u00e1s de 2.100 personas, [&hellip;]<\/p>\n","protected":false},"author":681,"featured_media":3808,"comment_status":"open","ping_status":"open","sticky":false,"template":"","format":"standard","meta":{"_et_pb_use_builder":"on","_et_pb_old_content":"","_et_gb_content_width":"","footnotes":""},"categories":[4,6],"tags":[],"class_list":["post-3806","post","type-post","status-publish","format-standard","has-post-thumbnail","hentry","category-noticias","category-noticias-en-general"],"_links":{"self":[{"href":"https:\/\/procana.org\/site\/wp-json\/wp\/v2\/posts\/3806","targetHints":{"allow":["GET"]}}],"collection":[{"href":"https:\/\/procana.org\/site\/wp-json\/wp\/v2\/posts"}],"about":[{"href":"https:\/\/procana.org\/site\/wp-json\/wp\/v2\/types\/post"}],"author":[{"embeddable":true,"href":"https:\/\/procana.org\/site\/wp-json\/wp\/v2\/users\/681"}],"replies":[{"embeddable":true,"href":"https:\/\/procana.org\/site\/wp-json\/wp\/v2\/comments?post=3806"}],"version-history":[{"count":3,"href":"https:\/\/procana.org\/site\/wp-json\/wp\/v2\/posts\/3806\/revisions"}],"predecessor-version":[{"id":3812,"href":"https:\/\/procana.org\/site\/wp-json\/wp\/v2\/posts\/3806\/revisions\/3812"}],"wp:featuredmedia":[{"embeddable":true,"href":"https:\/\/procana.org\/site\/wp-json\/wp\/v2\/media\/3808"}],"wp:attachment":[{"href":"https:\/\/procana.org\/site\/wp-json\/wp\/v2\/media?parent=3806"}],"wp:term":[{"taxonomy":"category","embeddable":true,"href":"https:\/\/procana.org\/site\/wp-json\/wp\/v2\/categories?post=3806"},{"taxonomy":"post_tag","embeddable":true,"href":"https:\/\/procana.org\/site\/wp-json\/wp\/v2\/tags?post=3806"}],"curies":[{"name":"wp","href":"https:\/\/api.w.org\/{rel}","templated":true}]}}