{"id":3784,"date":"2022-01-19T08:23:04","date_gmt":"2022-01-19T13:23:04","guid":{"rendered":"https:\/\/procana.org\/site\/?p=3784"},"modified":"2022-01-19T08:23:05","modified_gmt":"2022-01-19T13:23:05","slug":"asurtumo-protegiendo-los-recursos-naturales-del-centro-del-valle","status":"publish","type":"post","link":"https:\/\/procana.org\/site\/asurtumo-protegiendo-los-recursos-naturales-del-centro-del-valle\/","title":{"rendered":"ASURTUMO: Protegiendo los recursos naturales del Centro del Valle."},"content":{"rendered":"\n[et_pb_section fb_built=&#8221;1&#8243; _builder_version=&#8221;4.8.1&#8243; _module_preset=&#8221;default&#8221;][et_pb_row _builder_version=&#8221;4.8.1&#8243; _module_preset=&#8221;default&#8221;][et_pb_column _builder_version=&#8221;4.8.1&#8243; _module_preset=&#8221;default&#8221; type=&#8221;4_4&#8243;][et_pb_text _builder_version=&#8221;4.8.1&#8243; _module_preset=&#8221;default&#8221; hover_enabled=&#8221;0&#8243; sticky_enabled=&#8221;0&#8243;]<p><strong><em>Desde hace 29 a\u00f1os, la asociaci\u00f3n \u00a0promueve la conservaci\u00f3n y la recuperaci\u00f3n de las cuencas hidrogr\u00e1ficas de los r\u00edos Tulu\u00e1 y Morales, y la distribuci\u00f3n equitativa del recurso h\u00eddrico.<\/em><\/strong><\/p>\n<p>Constituida en 1992, la asociaci\u00f3n de usuarios de los r\u00edos Tulu\u00e1 y Morales, Asurtumo, ubicado en el municipio de Tulu\u00e1, surgi\u00f3 como iniciativa entre los usuarios, con el apoyo de la Corporaci\u00f3n Aut\u00f3noma Regional del Valle del Cauca, CVC, ante el surgimiento del fen\u00f3meno del Ni\u00f1o en los 90s; donde hubo grandes \u00a0racionamientos energ\u00e9ticos, donde se unieron junto a las acciones que ven\u00eda haciendo la autoridad ambiental e invirtieron recursos en las zonas medias y altas para mitigar el impacto del fen\u00f3meno.<\/p>\n<p>Como entidad, tienen definidas tres l\u00edneas de acci\u00f3n:<\/p>\n<ul>\n<li>Conservaci\u00f3n: Realizan actividades que propendan por la conservaci\u00f3n del recuro h\u00eddrico y el entorno natural existente.<\/li>\n<li>Producci\u00f3n sostenible: ayudan a las comunidades campesinas en sus incitativas de producci\u00f3n m\u00e1s limpias para proteger los recursos naturales.<\/li>\n<li>Educaci\u00f3n ambiental: trabajan con adultos y ni\u00f1os en el reconocimiento de las din\u00e1micas ecosist\u00e9micas existentes en las zonas de influencia.<\/li>\n<\/ul>\n<p><strong>Proyectos:<\/strong><\/p>\n<p>En los \u00faltimos a\u00f1os, el mayor impacto se ha dado en una serie de convenios en conjunto con la Agroindustria de la Ca\u00f1a y la CVC. Estos proyectos apuntan al establecimiento de herramientas de manejo de paisaje<span style=\"text-decoration: line-through;\">s<\/span> en las partes medias y altas de las cuencas.<\/p>\n<p>De acuerdo con su director ejecutivo, Johnny Carvajal Barona, actualmente y a trav\u00e9s del Convenio 098 de 2021establecido entre la CVC y el Fondo Agua por la Vida, se unen recursos de las tres entidades para ejecutar e implementar diferentes herramientas de manejo de paisaje en la parte alta de la cuenca del rio Tulu\u00e1, en el corregimiento de Santa Luc\u00eda. &#8220;Estas herramientas est\u00e1n conformadas por: sistemas silvopastoriles, aislamientos de protecci\u00f3n, bosques de uso dom\u00e9stico, bosques de protecci\u00f3n; y la ejecuci\u00f3n de actividades de educaci\u00f3n ambiental en la zona, y se contempla la siembra de 22.445 \u00e1rboles en cada una de las herramientas de manejo de paisaje&#8221; comenta Carvajal.<\/p>\n[\/et_pb_text][\/et_pb_column][\/et_pb_row][et_pb_row _builder_version=&#8221;4.8.1&#8243; _module_preset=&#8221;default&#8221;][et_pb_column _builder_version=&#8221;4.8.1&#8243; _module_preset=&#8221;default&#8221; type=&#8221;4_4&#8243;][et_pb_text _builder_version=&#8221;4.8.1&#8243; _module_preset=&#8221;default&#8221; hover_enabled=&#8221;0&#8243; sticky_enabled=&#8221;0&#8243;]<table height=\"396\" style=\"width: 731px;\">\n<tbody>\n<tr>\n<td style=\"width: 143.073px;\">Logros 2021<\/td>\n<td style=\"width: 573.958px;\">Sistemas silvopastoriles (ganader\u00eda localizada y sostenible): 4 has establecidas. Representan alrededor de 800 \u00e1rboles<\/td>\n<\/tr>\n<tr>\n<td style=\"width: 143.073px;\"><\/td>\n<td style=\"width: 573.958px;\">Aislamiento de protecci\u00f3n (encierro de zona intervenida para la protecci\u00f3n del recurso h\u00eddrico): 6 y 7 has de zonas protegidas garantizadas y una cerca viva con un total de 800 \u00e1rboles.<\/td>\n<\/tr>\n<tr>\n<td style=\"width: 143.073px;\"><\/td>\n<td style=\"width: 573.958px;\">Bosque de protecci\u00f3n: 16 has establecidas. En cada hect\u00e1rea se sembrar\u00eda 800 \u00e1rboles. Un total de 12.800 \u00e1rboles de especies nativas sembrados.<\/td>\n<\/tr>\n<tr>\n<td style=\"width: 143.073px;\"><\/td>\n<td style=\"width: 573.958px;\">Enriquecimiento: 6 has donde se sembrar\u00e1n 195 \u00e1rboles por hect\u00e1rea. Alrededor de 1.170 \u00e1rboles sembrados.<\/td>\n<\/tr>\n<tr>\n<td style=\"width: 143.073px;\"><\/td>\n<td style=\"width: 573.958px;\">Bosque de uso dom\u00e9stico (madera para uso de la finca y predios): 5 has con alrededor de 1.375 \u00e1rboles sembrados por hect\u00e1rea, para un total de 6.875 \u00e1rboles<\/td>\n<\/tr>\n<tr>\n<td style=\"width: 143.073px;\"><\/td>\n<td style=\"width: 573.958px;\">Proyecto de establecimiento de 13.5 hect\u00e1reas de sistemas silvopastoriles con siembra de 5.500 \u00e1rboles en zonas de potreros, convirti\u00e9ndolas en zonas de rotaci\u00f3n de pastoreo y financiados por el Ingenio Sancarlos en la cuenca del rio Tulu\u00e1<\/td>\n<\/tr>\n<\/tbody>\n<\/table>\n[\/et_pb_text][\/et_pb_column][\/et_pb_row][et_pb_row _builder_version=&#8221;4.8.1&#8243; _module_preset=&#8221;default&#8221;][et_pb_column _builder_version=&#8221;4.8.1&#8243; _module_preset=&#8221;default&#8221; type=&#8221;4_4&#8243;][et_pb_text _builder_version=&#8221;4.8.1&#8243; _module_preset=&#8221;default&#8221; hover_enabled=&#8221;0&#8243; sticky_enabled=&#8221;0&#8243;]<p>\u201cDentro de las asociaciones de usuarios de los r\u00edos, hay un gran potencial en nuestros proyectos y personal (profesionales, t\u00e9cnicos, voluntarios) para salvar y proteger las cuencas en pro del beneficio para todos; tanto para los campesinos de las zonas media y altas como para los usuarios de zonas planas. Los usuarios debemos ser los planificadores y organizadores de los proyectos de recuperaci\u00f3n de las cuencas y distribuci\u00f3n equitativa del recurso h\u00eddrico en la zona plana,\u201d concluy\u00f3 Johnny Carvajal Barona, director ejecutivo de Asurtumo.<\/p>\n[\/et_pb_text][\/et_pb_column][\/et_pb_row][\/et_pb_section]\n","protected":false},"excerpt":{"rendered":"<p>Desde hace 29 a\u00f1os, la asociaci\u00f3n \u00a0promueve la conservaci\u00f3n y la recuperaci\u00f3n de las cuencas hidrogr\u00e1ficas de los r\u00edos Tulu\u00e1 y Morales, y la distribuci\u00f3n equitativa del recurso h\u00eddrico. Constituida en 1992, la asociaci\u00f3n de usuarios de los r\u00edos Tulu\u00e1 y Morales, Asurtumo, ubicado en el municipio de Tulu\u00e1, surgi\u00f3 como iniciativa entre los usuarios, [&hellip;]<\/p>\n","protected":false},"author":681,"featured_media":3785,"comment_status":"open","ping_status":"open","sticky":false,"template":"","format":"standard","meta":{"_et_pb_use_builder":"on","_et_pb_old_content":"","_et_gb_content_width":"","footnotes":""},"categories":[4,6],"tags":[],"class_list":["post-3784","post","type-post","status-publish","format-standard","has-post-thumbnail","hentry","category-noticias","category-noticias-en-general"],"_links":{"self":[{"href":"https:\/\/procana.org\/site\/wp-json\/wp\/v2\/posts\/3784","targetHints":{"allow":["GET"]}}],"collection":[{"href":"https:\/\/procana.org\/site\/wp-json\/wp\/v2\/posts"}],"about":[{"href":"https:\/\/procana.org\/site\/wp-json\/wp\/v2\/types\/post"}],"author":[{"embeddable":true,"href":"https:\/\/procana.org\/site\/wp-json\/wp\/v2\/users\/681"}],"replies":[{"embeddable":true,"href":"https:\/\/procana.org\/site\/wp-json\/wp\/v2\/comments?post=3784"}],"version-history":[{"count":3,"href":"https:\/\/procana.org\/site\/wp-json\/wp\/v2\/posts\/3784\/revisions"}],"predecessor-version":[{"id":3790,"href":"https:\/\/procana.org\/site\/wp-json\/wp\/v2\/posts\/3784\/revisions\/3790"}],"wp:featuredmedia":[{"embeddable":true,"href":"https:\/\/procana.org\/site\/wp-json\/wp\/v2\/media\/3785"}],"wp:attachment":[{"href":"https:\/\/procana.org\/site\/wp-json\/wp\/v2\/media?parent=3784"}],"wp:term":[{"taxonomy":"category","embeddable":true,"href":"https:\/\/procana.org\/site\/wp-json\/wp\/v2\/categories?post=3784"},{"taxonomy":"post_tag","embeddable":true,"href":"https:\/\/procana.org\/site\/wp-json\/wp\/v2\/tags?post=3784"}],"curies":[{"name":"wp","href":"https:\/\/api.w.org\/{rel}","templated":true}]}}