{"id":3777,"date":"2022-01-17T13:35:10","date_gmt":"2022-01-17T18:35:10","guid":{"rendered":"https:\/\/procana.org\/site\/?p=3777"},"modified":"2022-01-19T08:22:46","modified_gmt":"2022-01-19T13:22:46","slug":"el-fenomeno-de-la-nina-persistira-hasta-casi-la-mitad-del-ano","status":"publish","type":"post","link":"https:\/\/procana.org\/site\/el-fenomeno-de-la-nina-persistira-hasta-casi-la-mitad-del-ano\/","title":{"rendered":"EL FEN\u00d3MENO DE LA NI\u00d1A PERSISTIR\u00c1 HASTA CASI LA MITAD DEL A\u00d1O."},"content":{"rendered":"\n[et_pb_section fb_built=&#8221;1&#8243; _builder_version=&#8221;4.8.1&#8243; _module_preset=&#8221;default&#8221;][et_pb_row _builder_version=&#8221;4.8.1&#8243; _module_preset=&#8221;default&#8221;][et_pb_column _builder_version=&#8221;4.8.1&#8243; _module_preset=&#8221;default&#8221; type=&#8221;4_4&#8243;][et_pb_text _builder_version=&#8221;4.8.1&#8243; _module_preset=&#8221;default&#8221; hover_enabled=&#8221;0&#8243; sticky_enabled=&#8221;0&#8243;]<p style=\"text-align: justify; background: white;\"><span style=\"font-family: 'Arial',sans-serif; color: #222222;\">En diciembre de 2021, las temperaturas de la superficie del mar (SST, por sus siglas en ingl\u00e9s) por debajo del promedio, a trav\u00e9s del centro y este del oc\u00e9ano Pac\u00edfico ecuatorial, estuvieron consistentes con la etapa avanzada del fen\u00f3meno de La Ni\u00f1a. En resumen, es probable que La Ni\u00f1a contin\u00fae hasta la primavera del hemisferio norte (~67% de probabilidad durante marzo-mayo 2022) y que luego haga la transici\u00f3n a ENSO-neutral (~51% de probabilidad durante abril-junio).<\/span><span style=\"font-family: 'Helvetica',sans-serif; color: #222222;\"><o:p><\/o:p><\/span><\/p>\n<p style=\"text-align: justify; background: white; font-variant-ligatures: normal; font-variant-caps: normal; orphans: 2; widows: 2; -webkit-text-stroke-width: 0px; text-decoration-thickness: initial; text-decoration-style: initial; text-decoration-color: initial; word-spacing: 0px;\"><span style=\"font-family: 'Arial',sans-serif; color: #222222;\">De acuerdo con el anterior bolet\u00edn de la Noaa, el fen\u00f3meno estar\u00e1 presente hasta bien avanzada la primera temporada de lluvias de 2022 (marzo-junio). En el Valle del Cauca, el fen\u00f3meno de La Ni\u00f1a ha aumentado la precipitaci\u00f3n media.<\/span><span style=\"font-family: 'Helvetica',sans-serif; color: #222222;\"><o:p><\/o:p><\/span><\/p>\n<p style=\"text-align: justify; background: white; font-variant-ligatures: normal; font-variant-caps: normal; orphans: 2; widows: 2; -webkit-text-stroke-width: 0px; text-decoration-thickness: initial; text-decoration-style: initial; text-decoration-color: initial; word-spacing: 0px;\"><span style=\"font-family: 'Arial',sans-serif; color: #222222;\">Para lo que resta de la primera temporada seca (diciembre 2021-marzo 2022), se espera un incremento de la precipitaci\u00f3n media y que los d\u00edas con lluvia est\u00e9n alternados con periodos secos de uno a varios d\u00edas, aunque tambi\u00e9n pueden ocurrir eventos de lluvia altos, sectorizados o generalizados, que podr\u00edan causar afectaciones de creciente s\u00fabitas, derrumbes y\/o deslizamientos de tierra. Sin embargo, no se puede descartar la amenaza por incendios forestales, especialmente al centro del departamento, que ha venido presentando un comportamiento en el r\u00e9gimen de lluvias diferente al resto de la regi\u00f3n durante los \u00faltimos dos meses.<\/span><span style=\"font-family: 'Helvetica',sans-serif; color: #222222;\"><o:p><\/o:p><\/span><\/p>\n<p style=\"text-align: justify; background: white; font-variant-ligatures: normal; font-variant-caps: normal; orphans: 2; widows: 2; -webkit-text-stroke-width: 0px; text-decoration-thickness: initial; text-decoration-style: initial; text-decoration-color: initial; word-spacing: 0px;\"><span style=\"font-family: 'Arial',sans-serif; color: #222222;\">La CVC insta a las autoridades competentes y a la ciudadan\u00eda en general a continuar con las medidas preventivas que permitan afrontar, de la mejor manera, las amenazas derivadas de las lluvias y la eventual afectaci\u00f3n por incendios forestales en algunos sectores del departamento.<o:p><\/o:p><\/span><\/p>\n<p style=\"text-align: justify; background: white;\"><span style=\"font-family: 'Arial',sans-serif; color: #222222;\">Fuente: Bolet\u00edn de prensa CVC<br \/>14 de enero de 2022<br \/><\/span><span style=\"font-family: 'Helvetica',sans-serif; color: #222222;\"><o:p><\/o:p><\/span><\/p>\n[\/et_pb_text][\/et_pb_column][\/et_pb_row][\/et_pb_section]\n","protected":false},"excerpt":{"rendered":"<p>En diciembre de 2021, las temperaturas de la superficie del mar (SST, por sus siglas en ingl\u00e9s) por debajo del promedio, a trav\u00e9s del centro y este del oc\u00e9ano Pac\u00edfico ecuatorial, estuvieron consistentes con la etapa avanzada del fen\u00f3meno de La Ni\u00f1a. En resumen, es probable que La Ni\u00f1a contin\u00fae hasta la primavera del hemisferio [&hellip;]<\/p>\n","protected":false},"author":681,"featured_media":3778,"comment_status":"open","ping_status":"open","sticky":false,"template":"","format":"standard","meta":{"_et_pb_use_builder":"on","_et_pb_old_content":"","_et_gb_content_width":"","footnotes":""},"categories":[4,6],"tags":[],"class_list":["post-3777","post","type-post","status-publish","format-standard","has-post-thumbnail","hentry","category-noticias","category-noticias-en-general"],"_links":{"self":[{"href":"https:\/\/procana.org\/site\/wp-json\/wp\/v2\/posts\/3777","targetHints":{"allow":["GET"]}}],"collection":[{"href":"https:\/\/procana.org\/site\/wp-json\/wp\/v2\/posts"}],"about":[{"href":"https:\/\/procana.org\/site\/wp-json\/wp\/v2\/types\/post"}],"author":[{"embeddable":true,"href":"https:\/\/procana.org\/site\/wp-json\/wp\/v2\/users\/681"}],"replies":[{"embeddable":true,"href":"https:\/\/procana.org\/site\/wp-json\/wp\/v2\/comments?post=3777"}],"version-history":[{"count":3,"href":"https:\/\/procana.org\/site\/wp-json\/wp\/v2\/posts\/3777\/revisions"}],"predecessor-version":[{"id":3789,"href":"https:\/\/procana.org\/site\/wp-json\/wp\/v2\/posts\/3777\/revisions\/3789"}],"wp:featuredmedia":[{"embeddable":true,"href":"https:\/\/procana.org\/site\/wp-json\/wp\/v2\/media\/3778"}],"wp:attachment":[{"href":"https:\/\/procana.org\/site\/wp-json\/wp\/v2\/media?parent=3777"}],"wp:term":[{"taxonomy":"category","embeddable":true,"href":"https:\/\/procana.org\/site\/wp-json\/wp\/v2\/categories?post=3777"},{"taxonomy":"post_tag","embeddable":true,"href":"https:\/\/procana.org\/site\/wp-json\/wp\/v2\/tags?post=3777"}],"curies":[{"name":"wp","href":"https:\/\/api.w.org\/{rel}","templated":true}]}}