{"id":3770,"date":"2022-01-17T13:08:02","date_gmt":"2022-01-17T18:08:02","guid":{"rendered":"https:\/\/procana.org\/site\/?p=3770"},"modified":"2022-01-17T13:19:10","modified_gmt":"2022-01-17T18:19:10","slug":"i-encuentro-canicultor-2022-sostenibilidad-patrimonial-alternativas-para-resolver-y-evitar-las-crisis-en-empresas-familiares","status":"publish","type":"post","link":"https:\/\/procana.org\/site\/i-encuentro-canicultor-2022-sostenibilidad-patrimonial-alternativas-para-resolver-y-evitar-las-crisis-en-empresas-familiares\/","title":{"rendered":"I Encuentro Ca\u00f1icultor 2022 &#8211; Sostenibilidad Patrimonial: Alternativas para resolver y evitar las crisis en empresas familiares."},"content":{"rendered":"\n[et_pb_section fb_built=&#8221;1&#8243; _builder_version=&#8221;4.8.1&#8243; _module_preset=&#8221;default&#8221;][et_pb_row _builder_version=&#8221;4.8.1&#8243; _module_preset=&#8221;default&#8221;][et_pb_column _builder_version=&#8221;4.8.1&#8243; _module_preset=&#8221;default&#8221; type=&#8221;4_4&#8243;][et_pb_text _builder_version=&#8221;4.8.1&#8243; _module_preset=&#8221;default&#8221; hover_enabled=&#8221;0&#8243; sticky_enabled=&#8221;0&#8243;]<p>En Colombia un gran porcentaje de las empresas son organizaciones familiares: el 26% son manejadas por la primera generaci\u00f3n, solo el 58% tiene junta directiva y muchas de ellas enfrentan situaciones dif\u00edciles dada la naturaleza de las relaciones personales sobre las que est\u00e1n edificadas.<\/p>\n<p>Se hace indispensable mirar hacia el futuro y tomar medidas inmediatas que aseguren la permanencia y la sostenibilidad del negocio familiar a largo plazo sin esperar a que lleguen las crisis, o adelantar un plan para resolver las dificultades entre los miembros de la familia.<\/p>\n<p>PROCA\u00d1A lo invita a participar en una serie de eventos donde mostraremos los aspectos m\u00e1s relevantes que deben hacer parte de la gesti\u00f3n en las empresas familiares para garantizar su legado.<\/p>\n<p>Presentaremos alternativas de anticipaci\u00f3n de riesgos en un ambiente de claridad que generen confianza a todos los miembros, que proteja el patrimonio y abarque elementos de operaci\u00f3n, tributarios, contables y administrativos que generen valor sostenible para clientes internos y externos.<\/p>\n<p>Este primer seminario, va dirigido a\u00a0miembros de familias empresarias que participen o no en la direcci\u00f3n de la compa\u00f1\u00eda, as\u00ed como a ejecutivos y miembros de junta directiva de este tipo de empresas. Se recomienda la participaci\u00f3n de varios miembros de la misma empresa familiar.\u00a0<\/p>\n<p>Inscribase para articipar, en este enlace\u00a0<a href=\"https:\/\/bit.ly\/33Gba7C\">https:\/\/bit.ly\/33Gba7C<\/a><\/p>\n<p>Para m\u00e1s informaci\u00f3n comun\u00edquese con nosotros:\u00a0<\/p>\n<p>Ana Mar\u00eda Garcia:\u00a0 312 604 5504 &#8211; <a href=\"mailto:servicios1@procana.org\">servicios1@procana.org<\/a><\/p>\n<p>Alejandra Acebedo:\u00a0 310 825 9113 &#8211; <a href=\"mailto:servicios@procana.org\">servicios@procana.org<\/a>\u00a0<\/p>\n[\/et_pb_text][\/et_pb_column][\/et_pb_row][\/et_pb_section]\n","protected":false},"excerpt":{"rendered":"<p>En Colombia un gran porcentaje de las empresas son organizaciones familiares: el 26% son manejadas por la primera generaci\u00f3n, solo el 58% tiene junta directiva y muchas de ellas enfrentan situaciones dif\u00edciles dada la naturaleza de las relaciones personales sobre las que est\u00e1n edificadas. Se hace indispensable mirar hacia el futuro y tomar medidas inmediatas [&hellip;]<\/p>\n","protected":false},"author":681,"featured_media":3775,"comment_status":"open","ping_status":"open","sticky":false,"template":"","format":"standard","meta":{"_et_pb_use_builder":"on","_et_pb_old_content":"","_et_gb_content_width":"","footnotes":""},"categories":[5,4],"tags":[],"class_list":["post-3770","post","type-post","status-publish","format-standard","has-post-thumbnail","hentry","category-noticia-principal","category-noticias"],"_links":{"self":[{"href":"https:\/\/procana.org\/site\/wp-json\/wp\/v2\/posts\/3770","targetHints":{"allow":["GET"]}}],"collection":[{"href":"https:\/\/procana.org\/site\/wp-json\/wp\/v2\/posts"}],"about":[{"href":"https:\/\/procana.org\/site\/wp-json\/wp\/v2\/types\/post"}],"author":[{"embeddable":true,"href":"https:\/\/procana.org\/site\/wp-json\/wp\/v2\/users\/681"}],"replies":[{"embeddable":true,"href":"https:\/\/procana.org\/site\/wp-json\/wp\/v2\/comments?post=3770"}],"version-history":[{"count":3,"href":"https:\/\/procana.org\/site\/wp-json\/wp\/v2\/posts\/3770\/revisions"}],"predecessor-version":[{"id":3776,"href":"https:\/\/procana.org\/site\/wp-json\/wp\/v2\/posts\/3770\/revisions\/3776"}],"wp:featuredmedia":[{"embeddable":true,"href":"https:\/\/procana.org\/site\/wp-json\/wp\/v2\/media\/3775"}],"wp:attachment":[{"href":"https:\/\/procana.org\/site\/wp-json\/wp\/v2\/media?parent=3770"}],"wp:term":[{"taxonomy":"category","embeddable":true,"href":"https:\/\/procana.org\/site\/wp-json\/wp\/v2\/categories?post=3770"},{"taxonomy":"post_tag","embeddable":true,"href":"https:\/\/procana.org\/site\/wp-json\/wp\/v2\/tags?post=3770"}],"curies":[{"name":"wp","href":"https:\/\/api.w.org\/{rel}","templated":true}]}}