{"id":3727,"date":"2022-01-11T08:24:50","date_gmt":"2022-01-11T13:24:50","guid":{"rendered":"https:\/\/procana.org\/site\/?p=3727"},"modified":"2022-01-11T08:24:52","modified_gmt":"2022-01-11T13:24:52","slug":"con-fondea-ahorrando-construimos-futuro","status":"publish","type":"post","link":"https:\/\/procana.org\/site\/con-fondea-ahorrando-construimos-futuro\/","title":{"rendered":"Con Fondea, ahorrando construimos futuro."},"content":{"rendered":"\n\n[et_pb_section fb_built=&#8221;1&#8243; _builder_version=&#8221;4.8.1&#8243; _module_preset=&#8221;default&#8221;][et_pb_row _builder_version=&#8221;4.8.1&#8243; _module_preset=&#8221;default&#8221;][et_pb_column _builder_version=&#8221;4.8.1&#8243; _module_preset=&#8221;default&#8221; type=&#8221;4_4&#8243;][et_pb_text _builder_version=&#8221;4.8.1&#8243; _module_preset=&#8221;default&#8221; hover_enabled=&#8221;0&#8243; sticky_enabled=&#8221;0&#8243;]<p>Es el fondo de empleados del grupo empresarial Agroavicola Fondea creado hace 38 a\u00f1os, el 20 de febrero de 1983. Donde el objetivo, es ser una empresa asociativa de derecho privado, sin \u00e1nimo de lucro, organizada por trabajadores dependientes y subordinados, por tal motivo el vinculo de asociaci\u00f3n es cerrado y supervisada bajo el ente de control de La Superintendencia de Econom\u00eda Solidaria, siendo II Nivel en el sector solidario.<\/p>\n<p>Fondea busca propender el desarrollo integral del Asociado y su familia a trav\u00e9s de la promoci\u00f3n y el fortalecimiento del ahorro, emprendimiento y la cultura solidaria, brindando excelentes servicios y beneficios que permitan mejorar su calidad de vida.<\/p>\n<p>Es por ello, que se busca impulsar en el asociado una cultura de ahorro que le permita ir forjando sus metas mediante la utilizaci\u00f3n de las diferentes clases de ahorros que ofrece Fondea: como es el Ahorro Permanente, Ahorro Voluntario, Ahorro Programado y CDAT.<\/p>\n<p>Tambi\u00e9n Fomentamos el principio solidario en momentos de calamidad via auxilios ya que hay momentos de la vida diaria del asociado que le puede generar gastos extras no contemplados en su flujo de caja del transcurrir de una quincena normal. Tales como gastos m\u00e9dicos, nacimiento, lentes o destrucci\u00f3n total o parcial de la vivienda donde habita.<\/p>\n<p>Es importante para Fondea, fortalecer el emprendimiento en los asociados siendo parte del apalancamiento en tus proyectos empresariales, que les permita generar ingresos adicionales para un mejor bienestar de sus familias.<\/p>\n<p>De igual forma incentivamos al asociado en pro de su bienestar enfoc\u00e1ndolos en alternativas de estar protegidos bajo p\u00f3lizas de vida, exequial, protecci\u00f3n de sus activos y obligatorios como SOAT y Tecnicomecanica de sus veh\u00edculos.<\/p>\n<p>Es importante destacar que el asociado realiza su proceso de ahorro sin darse cuenta y de esta manera podr\u00e1 tener la oportunidad de acceder a nuestros Servicios de Cr\u00e9dito con Tasas muy favorables en el mercado, te ofrecemos servicios de alta calidad. Ahorrando Construimos Futuro.<\/p>\n<p>Actualmente Fondea cuenta con diversos canales de comunicaci\u00f3n como son:<\/p>\n<p><a href=\"http:\/\/www.fondea.com.co\">www.fondea.com.co<\/a>\u00a0\u00a0\u00a0\u00a0\u00a0\u00a0\u00a0\u00a0\u00a0\u00a0<\/p>\n<p>Facebook Fondo de empleados Fondea<\/p>\n<p>Whatsapp y l\u00edneas telef\u00f3nicas 3176679338 \u2013 3176366738 \u2013 3217483200 \u2013 3217483201 \u2013 3164780119\u00a0<\/p>\n<p>\u00a0<a href=\"mailto:gerencia@fondea.com.co\">gerencia@fondea.com.co<\/a>\u00a0\u00a0<a href=\"mailto:analistacontable@fondea.com.co\">analistacontable@fondea.com.co<\/a> <a href=\"mailto:tesoreria@fondea.com.co\">tesoreria@fondea.com.co<\/a> <a href=\"mailto:asesor1@fondea.com.co\">asesor1@fondea.com.co<\/a> <a href=\"mailto:asesor2@fondea.com.co\">asesor2@fondea.com.co<\/a><\/p>\n<p>&nbsp;<\/p>\n<p>Domicilio principal Cali \u2013 Calle 70 Norte No. 3CN \u2013 275 Bodega 2 centro de negocios la 70\/ tambi\u00e9n estamos ubicados en Buga, Palmira, Candelaria, y Pradera.<\/p>[\/et_pb_text][\/et_pb_column][\/et_pb_row][\/et_pb_section]\n\n","protected":false},"excerpt":{"rendered":"<p>Es el fondo de empleados del grupo empresarial Agroavicola Fondea creado hace 38 a\u00f1os, el 20 de febrero de 1983. Donde el objetivo, es ser una empresa asociativa de derecho privado, sin \u00e1nimo de lucro, organizada por trabajadores dependientes y subordinados, por tal motivo el vinculo de asociaci\u00f3n es cerrado y supervisada bajo el ente [&hellip;]<\/p>\n","protected":false},"author":681,"featured_media":3732,"comment_status":"open","ping_status":"open","sticky":false,"template":"","format":"standard","meta":{"_et_pb_use_builder":"on","_et_pb_old_content":"","_et_gb_content_width":"","footnotes":""},"categories":[9,11],"tags":[],"class_list":["post-3727","post","type-post","status-publish","format-standard","has-post-thumbnail","hentry","category-revista","category-revista-general"],"_links":{"self":[{"href":"https:\/\/procana.org\/site\/wp-json\/wp\/v2\/posts\/3727","targetHints":{"allow":["GET"]}}],"collection":[{"href":"https:\/\/procana.org\/site\/wp-json\/wp\/v2\/posts"}],"about":[{"href":"https:\/\/procana.org\/site\/wp-json\/wp\/v2\/types\/post"}],"author":[{"embeddable":true,"href":"https:\/\/procana.org\/site\/wp-json\/wp\/v2\/users\/681"}],"replies":[{"embeddable":true,"href":"https:\/\/procana.org\/site\/wp-json\/wp\/v2\/comments?post=3727"}],"version-history":[{"count":3,"href":"https:\/\/procana.org\/site\/wp-json\/wp\/v2\/posts\/3727\/revisions"}],"predecessor-version":[{"id":3733,"href":"https:\/\/procana.org\/site\/wp-json\/wp\/v2\/posts\/3727\/revisions\/3733"}],"wp:featuredmedia":[{"embeddable":true,"href":"https:\/\/procana.org\/site\/wp-json\/wp\/v2\/media\/3732"}],"wp:attachment":[{"href":"https:\/\/procana.org\/site\/wp-json\/wp\/v2\/media?parent=3727"}],"wp:term":[{"taxonomy":"category","embeddable":true,"href":"https:\/\/procana.org\/site\/wp-json\/wp\/v2\/categories?post=3727"},{"taxonomy":"post_tag","embeddable":true,"href":"https:\/\/procana.org\/site\/wp-json\/wp\/v2\/tags?post=3727"}],"curies":[{"name":"wp","href":"https:\/\/api.w.org\/{rel}","templated":true}]}}