{"id":3685,"date":"2021-12-27T11:25:20","date_gmt":"2021-12-27T16:25:20","guid":{"rendered":"https:\/\/procana.org\/site\/?p=3685"},"modified":"2021-12-27T12:38:36","modified_gmt":"2021-12-27T17:38:36","slug":"productores-de-cana-comprometidos-con-el-desarrollo-de-la-region","status":"publish","type":"post","link":"https:\/\/procana.org\/site\/productores-de-cana-comprometidos-con-el-desarrollo-de-la-region\/","title":{"rendered":"Productores de Ca\u00f1a comprometidos con el desarrollo de la Regi\u00f3n."},"content":{"rendered":"\n\n\n\n\n[et_pb_section fb_built=&#8221;1&#8243; _builder_version=&#8221;4.8.1&#8243; _module_preset=&#8221;default&#8221;][et_pb_row _builder_version=&#8221;4.8.1&#8243; _module_preset=&#8221;default&#8221; hover_enabled=&#8221;0&#8243; sticky_enabled=&#8221;0&#8243;][et_pb_column _builder_version=&#8221;4.8.1&#8243; _module_preset=&#8221;default&#8221; type=&#8221;4_4&#8243;][et_pb_text _builder_version=&#8221;4.8.1&#8243; _module_preset=&#8221;default&#8221; hover_enabled=&#8221;0&#8243; sticky_enabled=&#8221;0&#8243;]<p>Compromiso Rural es una iniciativa de Proca\u00f1a y Asoca\u00f1a,\u00a0 en alianza publico-privada con el Gobierno Nacional y otros actores como Azucari, CENICA\u00d1A, SENA e ICBF, para logar la\u00a0 generaci\u00f3n de 1500 empleos en la Agroindustria de la Ca\u00f1a.<\/p>\n<p>Los Cultivadores y Proveedores de Ca\u00f1a son responsables de generar 500 empleos en sus fincas, en diferentes labores de campo, administrativas y de calidad para los j\u00f3venes y habitantes de la zona de influencia.<\/p>\n<p>El prop\u00f3sito del \u00a0gremio es posibilitar el acceso al trabajo y el bienestar de cientos de familias de la regi\u00f3n, contribuyendo con el bienestar social y la reactivaci\u00f3n econ\u00f3mica a trav\u00e9s de estos 500 nuevas oportunidades.<\/p>\n<p>Ser parte de <strong>Compromiso Rural<\/strong> es una estrategia de acercamiento a las comunidades, que le permite a los cultivadores mejorar el relacionamiento haciendo un aporte social a la regi\u00f3n, donde los j\u00f3venes ser\u00e1n\u00a0 vinculados en\u00a0 diferentes actividades en el procesamiento del cultivo de ca\u00f1a de az\u00facar y sus respectivos procesos en labores de campo y cosecha, administraci\u00f3n y otros, seg\u00fan las necesidades de cada empleador.<\/p>\n[\/et_pb_text][et_pb_text _builder_version=&#8221;4.8.1&#8243; _module_preset=&#8221;default&#8221; hover_enabled=&#8221;0&#8243; sticky_enabled=&#8221;0&#8243;]<p>El proceso es muy f\u00e1cil, usted s\u00f3lo debe comunicarse con Proca\u00f1a para:<\/p>\n<ol>\n<li>Informar los detalles de las personas que usted ha contratado de agosto de 2020 a la fecha para incluirlos en el programa <strong>Compromiso Rural<\/strong>.<\/li>\n<li>Si usted requiere contratar personal (administrativo o de campo) debe indicarnos el perfil, la cantidad de personas y el municipio para enviarles las opciones de candidatos cuyos antecedentes han sido previamente verificados.<\/li>\n<li>Una vez usted realice el proceso de selecci\u00f3n y contrate debe informar a Proca\u00f1a para hacer el debido registro del empleo que usted ha generado en el programa <strong>Compromiso Rural<\/strong><\/li>\n<\/ol>\n[\/et_pb_text][et_pb_text _builder_version=&#8221;4.8.1&#8243; _module_preset=&#8221;default&#8221; hover_enabled=&#8221;0&#8243; sticky_enabled=&#8221;0&#8243;]<p>Para m\u00e1s informaci\u00f3n, comun\u00edquese con:\u00a0<\/p>\n<p>Ana Mar\u00eda Garc\u00eda: 312 6045504 &#8211;\u00a0<a href=\"mailto:servicios1@procana.org\">servicios1@procana.org<\/a>\u00a0<\/p>\n<p>Katherine V\u00e9lez: 311 3678239 &#8211;\u00a0<a href=\"mailto:servicios2@procana.org\">servicios2@procana.org<\/a><\/p>\n<p>Alejandra Acebedo: 310 8259113 &#8211;<a href=\"mailto:8259113-servicios@procana.org\">\u00a0servicios@procana.org<\/a>\u00a0<\/p>\n[\/et_pb_text][\/et_pb_column][\/et_pb_row][\/et_pb_section]\n\n\n\n\n","protected":false},"excerpt":{"rendered":"<p>Compromiso Rural es una iniciativa de Proca\u00f1a y Asoca\u00f1a,\u00a0 en alianza publico-privada con el Gobierno Nacional y otros actores como Azucari, CENICA\u00d1A, SENA e ICBF, para logar la\u00a0 generaci\u00f3n de 1500 empleos en la Agroindustria de la Ca\u00f1a. Los Cultivadores y Proveedores de Ca\u00f1a son responsables de generar 500 empleos en sus fincas, en diferentes [&hellip;]<\/p>\n","protected":false},"author":681,"featured_media":3692,"comment_status":"open","ping_status":"open","sticky":false,"template":"","format":"standard","meta":{"_et_pb_use_builder":"on","_et_pb_old_content":"","_et_gb_content_width":"","footnotes":""},"categories":[4,6],"tags":[],"class_list":["post-3685","post","type-post","status-publish","format-standard","has-post-thumbnail","hentry","category-noticias","category-noticias-en-general"],"_links":{"self":[{"href":"https:\/\/procana.org\/site\/wp-json\/wp\/v2\/posts\/3685","targetHints":{"allow":["GET"]}}],"collection":[{"href":"https:\/\/procana.org\/site\/wp-json\/wp\/v2\/posts"}],"about":[{"href":"https:\/\/procana.org\/site\/wp-json\/wp\/v2\/types\/post"}],"author":[{"embeddable":true,"href":"https:\/\/procana.org\/site\/wp-json\/wp\/v2\/users\/681"}],"replies":[{"embeddable":true,"href":"https:\/\/procana.org\/site\/wp-json\/wp\/v2\/comments?post=3685"}],"version-history":[{"count":3,"href":"https:\/\/procana.org\/site\/wp-json\/wp\/v2\/posts\/3685\/revisions"}],"predecessor-version":[{"id":3689,"href":"https:\/\/procana.org\/site\/wp-json\/wp\/v2\/posts\/3685\/revisions\/3689"}],"wp:featuredmedia":[{"embeddable":true,"href":"https:\/\/procana.org\/site\/wp-json\/wp\/v2\/media\/3692"}],"wp:attachment":[{"href":"https:\/\/procana.org\/site\/wp-json\/wp\/v2\/media?parent=3685"}],"wp:term":[{"taxonomy":"category","embeddable":true,"href":"https:\/\/procana.org\/site\/wp-json\/wp\/v2\/categories?post=3685"},{"taxonomy":"post_tag","embeddable":true,"href":"https:\/\/procana.org\/site\/wp-json\/wp\/v2\/tags?post=3685"}],"curies":[{"name":"wp","href":"https:\/\/api.w.org\/{rel}","templated":true}]}}