{"id":3603,"date":"2021-12-02T08:58:02","date_gmt":"2021-12-02T13:58:02","guid":{"rendered":"https:\/\/procana.org\/site\/?p=3603"},"modified":"2021-12-27T12:35:26","modified_gmt":"2021-12-27T17:35:26","slug":"segunda-siembra-liderada-por-el-grupo-de-jovenes-de-procana","status":"publish","type":"post","link":"https:\/\/procana.org\/site\/segunda-siembra-liderada-por-el-grupo-de-jovenes-de-procana\/","title":{"rendered":"Segunda Siembra liderada por el grupo de J\u00f3venes de Proca\u00f1a \u00a0"},"content":{"rendered":"\n[et_pb_section fb_built=&#8221;1&#8243; admin_label=&#8221;section&#8221; _builder_version=&#8221;3.22&#8243;][et_pb_row admin_label=&#8221;row&#8221; _builder_version=&#8221;3.25&#8243; background_size=&#8221;initial&#8221; background_position=&#8221;top_left&#8221; background_repeat=&#8221;repeat&#8221;][et_pb_column type=&#8221;4_4&#8243; _builder_version=&#8221;3.25&#8243; custom_padding=&#8221;|||&#8221; custom_padding__hover=&#8221;|||&#8221;][et_pb_text admin_label=&#8221;Text&#8221; _builder_version=&#8221;4.8.1&#8243; background_size=&#8221;initial&#8221; background_position=&#8221;top_left&#8221; background_repeat=&#8221;repeat&#8221; hover_enabled=&#8221;0&#8243; sticky_enabled=&#8221;0&#8243;]<p><!-- divi:paragraph -->Se llev\u00f3 a cabo la segunda <strong>Sembrat\u00f3n\u00a0<\/strong> en la Hacienda Tinajas liderada el <strong>Grupo de J\u00f3venes de Proca\u00f1a<\/strong> con el apoyo de la Corporaci\u00f3n Aut\u00f3noma Regional del Quind\u00edo &#8211; CRQ, Corporaci\u00f3n Aut\u00f3noma Regional del Cauca \u2013 CRC, el Ej\u00e9rcito Nacional de Colombia y la Hacienda Tinajas<\/p>\n<p><!-- \/divi:paragraph --><\/p>\n<p><!-- divi:paragraph --><br \/> <strong>\u00bfQu\u00e9 se sembr\u00f3?<\/strong><br \/>-400 chusquines \u00a0de guadua \u00a0<br \/>-200 \u00e1rboles forestales sembrados<br \/> El escenario fueron los cultivos de ca\u00f1a de az\u00facar en el departamento del\u00a0 Cauca en el humedal Tinajas<\/p>\n<p><!-- \/divi:paragraph --><\/p>\n<p><!-- divi:paragraph --><br \/> <strong>Nuestro Objetivo<\/strong><br \/>1. Proteger y preservar el ecosistema del Humedal Tinajas en el departamento del Cauca.<br \/>2. Aportar a la meta Nacional del Ministerio del Medio Ambiente y Desarrollo \u00a0Sostenible 180 millones de \u00e1rboles sembrados en el territorio \u00a0nacional<br \/>3. Proveedores y Cultivadores \u00a0de Ca\u00f1a de Valle, Cauca, Quind\u00edo y Risaralda sembrar\u00e1n 10 mil \u00e1rboles\u00a0<\/p>\n<p><!-- \/divi:paragraph --><\/p>\n[\/et_pb_text][\/et_pb_column][\/et_pb_row][\/et_pb_section]\n","protected":false},"excerpt":{"rendered":"<p>Se llev\u00f3 a cabo la segunda Sembrat\u00f3n\u00a0 en la Hacienda Tinajas liderada el Grupo de J\u00f3venes de Proca\u00f1a con el apoyo de la Corporaci\u00f3n Aut\u00f3noma Regional del Quind\u00edo &#8211; CRQ, Corporaci\u00f3n Aut\u00f3noma Regional del Cauca \u2013 CRC, el Ej\u00e9rcito Nacional de Colombia y la Hacienda Tinajas \u00bfQu\u00e9 se sembr\u00f3?-400 chusquines \u00a0de guadua \u00a0-200 \u00e1rboles forestales [&hellip;]<\/p>\n","protected":false},"author":681,"featured_media":3604,"comment_status":"open","ping_status":"open","sticky":false,"template":"","format":"standard","meta":{"_et_pb_use_builder":"on","_et_pb_old_content":"<!-- wp:paragraph -->\n<p>Se llev\u00f3 a cabo la segunda <strong>Sembrat\u00f3n&nbsp;<\/strong> en la Hacienda Tinajas liderada el <strong>Grupo de J\u00f3venes de Proca\u00f1a<\/strong> con el apoyo de la Corporaci\u00f3n Aut\u00f3noma Regional del Quind\u00edo - CRQ, Corporaci\u00f3n Aut\u00f3noma Regional del Cauca \u2013 CRC, el Ej\u00e9rcito Nacional de Colombia y la Hacienda Tinajas<\/p>\n<!-- \/wp:paragraph -->\n\n<!-- wp:paragraph -->\n<p><br><strong>\u00bfQu\u00e9 se sembr\u00f3?<\/strong><br><img width=\"21\" height=\"21\" src=\"\" alt=\"\ud83c\udf8b\">400 chusquines &nbsp;de guadua &nbsp;<br><img width=\"19\" height=\"19\" src=\"\" alt=\"\ud83c\udf33\">&nbsp;200 \u00e1rboles forestales sembrados<br>El escenario fueron los cultivos de ca\u00f1a de az\u00facar en el departamento del&nbsp; Cauca en el humedal Tinajas<\/p>\n<!-- \/wp:paragraph -->\n\n<!-- wp:paragraph -->\n<p><br><strong>Nuestro Objetivo<\/strong><br><img width=\"22\" height=\"22\" src=\"\" alt=\"\u261d\ud83c\udffb\">&nbsp;Proteger y preservar el ecosistema del Humedal Tinajas en el departamento del Cauca.<br><img width=\"21\" height=\"21\" src=\"\" alt=\"\u270c\ud83c\udffb\">Aportar a la meta Nacional del Ministerio del Medio Ambiente y Desarrollo &nbsp;Sostenible 180 millones de \u00e1rboles sembrados en el territorio &nbsp;nacional<br><img width=\"22\" height=\"22\" src=\"\" alt=\"\ud83d\udc4c\">Proveedores y Cultivadores &nbsp;de Ca\u00f1a de Valle, Cauca, Quind\u00edo y Risaralda sembrar\u00e1n 10 mil \u00e1rboles&nbsp;<\/p>\n<!-- \/wp:paragraph -->","_et_gb_content_width":"","footnotes":""},"categories":[4,6],"tags":[],"class_list":["post-3603","post","type-post","status-publish","format-standard","has-post-thumbnail","hentry","category-noticias","category-noticias-en-general"],"_links":{"self":[{"href":"https:\/\/procana.org\/site\/wp-json\/wp\/v2\/posts\/3603","targetHints":{"allow":["GET"]}}],"collection":[{"href":"https:\/\/procana.org\/site\/wp-json\/wp\/v2\/posts"}],"about":[{"href":"https:\/\/procana.org\/site\/wp-json\/wp\/v2\/types\/post"}],"author":[{"embeddable":true,"href":"https:\/\/procana.org\/site\/wp-json\/wp\/v2\/users\/681"}],"replies":[{"embeddable":true,"href":"https:\/\/procana.org\/site\/wp-json\/wp\/v2\/comments?post=3603"}],"version-history":[{"count":4,"href":"https:\/\/procana.org\/site\/wp-json\/wp\/v2\/posts\/3603\/revisions"}],"predecessor-version":[{"id":3693,"href":"https:\/\/procana.org\/site\/wp-json\/wp\/v2\/posts\/3603\/revisions\/3693"}],"wp:featuredmedia":[{"embeddable":true,"href":"https:\/\/procana.org\/site\/wp-json\/wp\/v2\/media\/3604"}],"wp:attachment":[{"href":"https:\/\/procana.org\/site\/wp-json\/wp\/v2\/media?parent=3603"}],"wp:term":[{"taxonomy":"category","embeddable":true,"href":"https:\/\/procana.org\/site\/wp-json\/wp\/v2\/categories?post=3603"},{"taxonomy":"post_tag","embeddable":true,"href":"https:\/\/procana.org\/site\/wp-json\/wp\/v2\/tags?post=3603"}],"curies":[{"name":"wp","href":"https:\/\/api.w.org\/{rel}","templated":true}]}}