{"id":3594,"date":"2021-12-02T08:39:40","date_gmt":"2021-12-02T13:39:40","guid":{"rendered":"https:\/\/procana.org\/site\/?p=3594"},"modified":"2021-12-02T09:02:58","modified_gmt":"2021-12-02T14:02:58","slug":"niveles-del-rio-cauca-en-noviembre","status":"publish","type":"post","link":"https:\/\/procana.org\/site\/niveles-del-rio-cauca-en-noviembre\/","title":{"rendered":"Niveles del r\u00edo Cauca"},"content":{"rendered":"\n<p>Foto: Colprensa<\/p>\n\n\n\n<p>Fuente: CVC<\/p>\n\n\n\n<p><\/p>\n\n\n\n<p>Los niveles del r\u00edo Cauca permanecieron estables en los puntos de&nbsp;monitoreo&nbsp;de la&nbsp;CVC en el departamento, excepto en Navarro, Puerto Mallarino y Juanchito que presentaron una tendencia decreciente, mientras que en Pan de Az\u00facar y La Balsa se present\u00f3 una tendencia creciente. Los r\u00edos Palo en Puerto Tejada, Timba y La Vieja presentaron&nbsp;una tendencia decreciente; los dem\u00e1s r\u00edos tributarios al r\u00edo Cauca permanecieron estables en las \u00faltimas 24 horas.<\/p>\n\n\n\n<p>Puede ver las Estad\u00edsticas de los niveles del r\u00edo Cauca en noviembre descargando el siguiente PDF:<\/p>\n\n\n\n<p><\/p>\n","protected":false},"excerpt":{"rendered":"<p>Foto: Colprensa Fuente: CVC Los niveles del r\u00edo Cauca permanecieron estables en los puntos de&nbsp;monitoreo&nbsp;de la&nbsp;CVC en el departamento, excepto en Navarro, Puerto Mallarino y Juanchito que presentaron una tendencia decreciente, mientras que en Pan de Az\u00facar y La Balsa se present\u00f3 una tendencia creciente. Los r\u00edos Palo en Puerto Tejada, Timba y La Vieja [&hellip;]<\/p>\n","protected":false},"author":681,"featured_media":3598,"comment_status":"open","ping_status":"open","sticky":false,"template":"","format":"standard","meta":{"_et_pb_use_builder":"off","_et_pb_old_content":"<!-- wp:paragraph -->\n<p>Foto: Colprensa<\/p>\n<!-- \/wp:paragraph -->\n\n<!-- wp:paragraph -->\n<p><\/p>\n<!-- \/wp:paragraph -->\n\n<!-- wp:paragraph -->\n<p>Los niveles del r\u00edo Cauca permanecieron estables en los puntos de\u00a0monitoreo\u00a0de la\u00a0CVC en el departamento, excepto en Navarro, Puerto Mallarino y Juanchito que presentaron una tendencia decreciente, mientras que en Pan de Az\u00facar y La Balsa se present\u00f3 una tendencia creciente. Los r\u00edos Palo en Puerto Tejada, Timba y La Vieja presentaron\u00a0una tendencia decreciente; los dem\u00e1s r\u00edos tributarios al r\u00edo Cauca permanecieron estables en las \u00faltimas 24 horas.<\/p>\n<!-- \/wp:paragraph -->\n\n<!-- wp:paragraph -->\n<p>Puede ver las Estad\u00edsticas de los niveles del r\u00edo Cauca en noviembre descargando el siguiente PDF:<\/p>\n<!-- \/wp:paragraph -->\n\n<!-- wp:paragraph -->\n<p><\/p>\n<!-- \/wp:paragraph -->","_et_gb_content_width":"","footnotes":""},"categories":[5,4],"tags":[],"class_list":["post-3594","post","type-post","status-publish","format-standard","has-post-thumbnail","hentry","category-noticia-principal","category-noticias"],"_links":{"self":[{"href":"https:\/\/procana.org\/site\/wp-json\/wp\/v2\/posts\/3594","targetHints":{"allow":["GET"]}}],"collection":[{"href":"https:\/\/procana.org\/site\/wp-json\/wp\/v2\/posts"}],"about":[{"href":"https:\/\/procana.org\/site\/wp-json\/wp\/v2\/types\/post"}],"author":[{"embeddable":true,"href":"https:\/\/procana.org\/site\/wp-json\/wp\/v2\/users\/681"}],"replies":[{"embeddable":true,"href":"https:\/\/procana.org\/site\/wp-json\/wp\/v2\/comments?post=3594"}],"version-history":[{"count":4,"href":"https:\/\/procana.org\/site\/wp-json\/wp\/v2\/posts\/3594\/revisions"}],"predecessor-version":[{"id":3606,"href":"https:\/\/procana.org\/site\/wp-json\/wp\/v2\/posts\/3594\/revisions\/3606"}],"wp:featuredmedia":[{"embeddable":true,"href":"https:\/\/procana.org\/site\/wp-json\/wp\/v2\/media\/3598"}],"wp:attachment":[{"href":"https:\/\/procana.org\/site\/wp-json\/wp\/v2\/media?parent=3594"}],"wp:term":[{"taxonomy":"category","embeddable":true,"href":"https:\/\/procana.org\/site\/wp-json\/wp\/v2\/categories?post=3594"},{"taxonomy":"post_tag","embeddable":true,"href":"https:\/\/procana.org\/site\/wp-json\/wp\/v2\/tags?post=3594"}],"curies":[{"name":"wp","href":"https:\/\/api.w.org\/{rel}","templated":true}]}}