{"id":3486,"date":"2021-10-27T14:13:47","date_gmt":"2021-10-27T19:13:47","guid":{"rendered":"https:\/\/procana.org\/site\/?p=3486"},"modified":"2022-10-24T11:13:14","modified_gmt":"2022-10-24T16:13:14","slug":"abc-del-fondo-social-de-la-agroindustria-de-la-cana","status":"publish","type":"post","link":"https:\/\/procana.org\/site\/abc-del-fondo-social-de-la-agroindustria-de-la-cana\/","title":{"rendered":"ABC del Fondo Social de la Agroindustria de la Ca\u00f1a"},"content":{"rendered":"\n<p>Con el prop\u00f3sito de mantenerlos enterados sobre las acciones que se adelantan a trav\u00e9s del Fondo Social de la Agroindustria de la Ca\u00f1a, al cual aportan tanto ingenios azucareros como cultivadores de ca\u00f1a,  nos permitimos compartir con ustedes el folleto del Fondo Social en el que encontrar\u00e1n informaci\u00f3n valiosa sobre esta estrategia de sostenibilidad de la agroindustria.<\/p>\n\n\n\n<figure class=\"wp-block-image size-full is-resized\"><img loading=\"lazy\" decoding=\"async\" src=\"https:\/\/procana.org\/site\/wp-content\/uploads\/2021\/10\/FONDO-SOCIAL-1.jpg\" alt=\"\" class=\"wp-image-4992\" width=\"815\" height=\"1099\"\/><\/figure>\n\n\n\n<figure class=\"wp-block-image size-full is-resized\"><img loading=\"lazy\" decoding=\"async\" src=\"https:\/\/procana.org\/site\/wp-content\/uploads\/2021\/10\/FONDO-SOCIAL-2.jpg\" alt=\"\" class=\"wp-image-4993\" width=\"818\" height=\"1101\"\/><\/figure>\n\n\n\n<figure class=\"wp-block-image size-full is-resized\"><img loading=\"lazy\" decoding=\"async\" src=\"https:\/\/procana.org\/site\/wp-content\/uploads\/2021\/10\/FONDO-SOCIAL-3.jpg\" alt=\"\" class=\"wp-image-4994\" width=\"819\" height=\"1101\"\/><\/figure>\n\n\n\n<figure class=\"wp-block-image size-full is-resized\"><img loading=\"lazy\" decoding=\"async\" src=\"https:\/\/procana.org\/site\/wp-content\/uploads\/2022\/10\/FONDO-SOCIAL-4.jpg\" alt=\"\" class=\"wp-image-4997\" width=\"821\" height=\"1104\"\/><\/figure>\n","protected":false},"excerpt":{"rendered":"<p>Con el prop\u00f3sito de mantenerlos enterados sobre las acciones que se adelantan a trav\u00e9s del Fondo Social de la Agroindustria de la Ca\u00f1a, al cual aportan tanto ingenios azucareros como cultivadores de ca\u00f1a, nos permitimos compartir con ustedes el folleto del Fondo Social en el que encontrar\u00e1n informaci\u00f3n valiosa sobre esta estrategia de sostenibilidad de [&hellip;]<\/p>\n","protected":false},"author":9,"featured_media":3492,"comment_status":"open","ping_status":"open","sticky":false,"template":"","format":"standard","meta":{"_et_pb_use_builder":"","_et_pb_old_content":"","_et_gb_content_width":"","footnotes":""},"categories":[5,4],"tags":[],"class_list":["post-3486","post","type-post","status-publish","format-standard","has-post-thumbnail","hentry","category-noticia-principal","category-noticias"],"_links":{"self":[{"href":"https:\/\/procana.org\/site\/wp-json\/wp\/v2\/posts\/3486","targetHints":{"allow":["GET"]}}],"collection":[{"href":"https:\/\/procana.org\/site\/wp-json\/wp\/v2\/posts"}],"about":[{"href":"https:\/\/procana.org\/site\/wp-json\/wp\/v2\/types\/post"}],"author":[{"embeddable":true,"href":"https:\/\/procana.org\/site\/wp-json\/wp\/v2\/users\/9"}],"replies":[{"embeddable":true,"href":"https:\/\/procana.org\/site\/wp-json\/wp\/v2\/comments?post=3486"}],"version-history":[{"count":3,"href":"https:\/\/procana.org\/site\/wp-json\/wp\/v2\/posts\/3486\/revisions"}],"predecessor-version":[{"id":4998,"href":"https:\/\/procana.org\/site\/wp-json\/wp\/v2\/posts\/3486\/revisions\/4998"}],"wp:featuredmedia":[{"embeddable":true,"href":"https:\/\/procana.org\/site\/wp-json\/wp\/v2\/media\/3492"}],"wp:attachment":[{"href":"https:\/\/procana.org\/site\/wp-json\/wp\/v2\/media?parent=3486"}],"wp:term":[{"taxonomy":"category","embeddable":true,"href":"https:\/\/procana.org\/site\/wp-json\/wp\/v2\/categories?post=3486"},{"taxonomy":"post_tag","embeddable":true,"href":"https:\/\/procana.org\/site\/wp-json\/wp\/v2\/tags?post=3486"}],"curies":[{"name":"wp","href":"https:\/\/api.w.org\/{rel}","templated":true}]}}