{"id":3218,"date":"2021-08-27T21:39:58","date_gmt":"2021-08-28T02:39:58","guid":{"rendered":"https:\/\/procana.org\/site\/?p=3218"},"modified":"2021-10-08T14:38:53","modified_gmt":"2021-10-08T19:38:53","slug":"compromiso-rural-estrategia-educativa-y-generacion-de-empleo-de-la-agroindustria-de-la-cana","status":"publish","type":"post","link":"https:\/\/procana.org\/site\/compromiso-rural-estrategia-educativa-y-generacion-de-empleo-de-la-agroindustria-de-la-cana\/","title":{"rendered":"COMPROMISO RURAL: Estrategia educativa y generaci\u00f3n de empleo de la Agroindustria de la Ca\u00f1a"},"content":{"rendered":"\n[et_pb_section fb_built=&#8221;1&#8243; admin_label=&#8221;section&#8221; _builder_version=&#8221;3.22&#8243;][et_pb_row admin_label=&#8221;row&#8221; _builder_version=&#8221;3.25&#8243; background_size=&#8221;initial&#8221; background_position=&#8221;top_left&#8221; background_repeat=&#8221;repeat&#8221;][et_pb_column type=&#8221;4_4&#8243; _builder_version=&#8221;3.25&#8243; custom_padding=&#8221;|||&#8221; custom_padding__hover=&#8221;|||&#8221;][et_pb_text admin_label=&#8221;Text&#8221; _builder_version=&#8221;4.8.1&#8243; background_size=&#8221;initial&#8221; background_position=&#8221;top_left&#8221; background_repeat=&#8221;repeat&#8221; hover_enabled=&#8221;0&#8243; sticky_enabled=&#8221;0&#8243;]<p><!-- divi:paragraph -->Es un programa de formaci\u00f3n y generaci\u00f3n de empleo agroindustrial liderado por Proca\u00f1a, Asoca\u00f1a, Azucari,\u00a0CENICA\u00d1A, SENA e ICBF, que contar\u00e1 con una inversi\u00f3n anual de m\u00e1s de 20 mil millones de pesos y que est\u00e1 dirigido en una primera etapa a comunidades de 28 municipios de los departamentos del Valle, Cauca y\u00a0Risaralda, siendo la primera iniciativa publico privada para generar empleo en Colombia, donde se crear\u00e1n, en una primera etapa 1.500 nuevas fuentes de trabajo formal dirigido a hombres y mujeres mayores de 18 a\u00f1os.<\/p>\n<p><!-- \/divi:paragraph --><\/p>\n<p><!-- divi:paragraph -->El programa inicia con la identificaci\u00f3n y selecci\u00f3n de los beneficiarios tomando como base las 5.774 personas registradas. Una vez realizada esa selecci\u00f3n, se contin\u00faa con el acompa\u00f1amiento psicosocial, el fortalecimiento de capacidades y\u00a0habilidades de liderazgo desarrollado por <strong>ICBF<\/strong> en el marco de su Programa Generaciones Sac\u00fadete.<\/p>\n<p><!-- \/divi:paragraph --><\/p>\n<p><!-- divi:paragraph -->Surtido el proceso con <strong>ICBF<\/strong>, se contin\u00faa con la formaci\u00f3n t\u00e9cnica para el trabajo agroindustrial que se adelantar\u00e1 con el apoyo\u00a0de nuestro Centro de Investigaci\u00f3n de la Ca\u00f1a de Az\u00facar- Cenica\u00f1a y el <strong>SENA<\/strong>. El <strong>SENA<\/strong> llevar\u00e1 a cabo la formaci\u00f3n y entrenamiento en labores, procesos t\u00e9cnicos y agr\u00edcolas, as\u00ed como en competencias a la medida. Este proceso se realiza en el marco del contrato de aprendizaje, surtida esta etapa se pasa a la vinculaci\u00f3n laboral.<\/p>\n<p><!-- \/divi:paragraph --><\/p>\n<p><!-- divi:paragraph -->Con Compromiso Rural, los j\u00f3venes ser\u00e1n vinculados para diferentes actividades en el procesamiento del cultivo de ca\u00f1a de az\u00facar y sus respectivos procesos en labores de campo y cosecha, proceso de f\u00e1brica, administraci\u00f3n y almac\u00e9n y otros, seg\u00fan las necesidades de cada empleador.<\/p>\n<p><!-- \/divi:paragraph --><\/p>\n<p><!-- divi:paragraph -->Los cultivadores de ca\u00f1a estamos comprometidos a aportar a la construcci\u00f3n de una mejor regi\u00f3n, de las <strong>1.500<\/strong> <strong>nuevas fuentes de trabajo los cultivadores de ca\u00f1a estamos comprometidos a generar como m\u00ednimo 500 puestos de trabajo con contrato. Vale la pena aclarar que no son temporales, ni por jornal ni a trav\u00e9s de contratista; son empleos directos.<\/strong><\/p>\n<p><!-- \/divi:paragraph --><\/p>\n<p><!-- divi:paragraph --><strong>\u00bfComo acceder a los candidatos disponibles?<\/strong><\/p>\n<p><!-- \/divi:paragraph --><\/p>\n<p><!-- divi:paragraph -->Los productores de ca\u00f1a interesados en acceder a los candidatos para cubrir sus vacantes, deben acudir directamente al funcionario de su ingenio, quien enviara los datos de contacto del aspirante seg\u00fan los requerimientos del cargo, el nivel educativo que usted prefiere y lugar de residencia.<\/p>\n<p><!-- \/divi:paragraph --><\/p>\n<p><!-- divi:paragraph --><strong>\u00bfQu\u00e9 hacer si el cultivador ya tiene el candidato?<\/strong><\/p>\n<p><!-- \/divi:paragraph --><\/p>\n<p><!-- divi:paragraph -->Puede proceder a vincularlo, pero es indispensable que le informe a su ingenio para que lo registre en COMPROMISO RURAL e inicie cuanto antes el proceso de capacitaci\u00f3n con el ICBF. Igualmente usted puede comunicarse directamente con los tel\u00e9fonos de Proca\u00f1a donde le brindaremos apoyo.<\/p>\n<p><!-- \/divi:paragraph --><\/p>\n<p><!-- divi:paragraph -->Este es el listado de los funcionarios por cada ingenio que brindaran apoyo:<\/p>\n<p><!-- \/divi:paragraph --><\/p>\n<p><!-- divi:table --><\/p>\n<figure class=\"wp-block-table\">\n<table>\n<tbody>\n<tr>\n<td>Ingenio<\/td>\n<td>Nombre<\/td>\n<td>Correo Electr\u00f3nico<\/td>\n<\/tr>\n<tr>\n<td>Asoca\u00f1a<\/td>\n<td>Juan Pablo Coral<\/td>\n<td><a href=\"mailto:jpcoral@asocana.org\">jpcoral@asocana.org<\/a><\/td>\n<\/tr>\n<tr>\n<td>Asoca\u00f1a<\/td>\n<td>David Loaiza<\/td>\n<td><a href=\"mailto:dloaiza@asocana.org\">dloaiza@asocana.org<\/a><\/td>\n<\/tr>\n<tr>\n<td>Asoca\u00f1a<\/td>\n<td>Equipo de Informaci\u00f3n<\/td>\n<td><a href=\"mailto:compromisorural@asocana.org\">compromisorural@asocana.org<\/a><\/td>\n<\/tr>\n<tr>\n<td>La Caba\u00f1a<\/td>\n<td>Oscar Mora<\/td>\n<td><a href=\"mailto:omora@ingeniolacabana.com\">omora@ingeniolacabana.com<\/a><\/td>\n<\/tr>\n<tr>\n<td>La Caba\u00f1a<\/td>\n<td>Luz Stella Porras<\/td>\n<td><a href=\"mailto:lporras@ingeniolacabana.com\">lporras@ingeniolacabana.com<\/a><\/td>\n<\/tr>\n<tr>\n<td>Providencia<\/td>\n<td>Tyron Siachoque<\/td>\n<td><a href=\"mailto:tasiachoque@ingprovidencia.com\">tasiachoque<\/a><a href=\"mailto:Ariascos@providenciaco.com\">@providenciaco.com<\/a><a href=\"mailto:tasiachoque@ingprovidencia.com\">\u00a0<\/a><\/td>\n<\/tr>\n<tr>\n<td>Providencia<\/td>\n<td>Angie Riascos<\/td>\n<td><a href=\"mailto:Ariascos@providenciaco.com\">ariascos@providenciaco.com<\/a><\/td>\n<\/tr>\n<tr>\n<td>Incauca<\/td>\n<td>Tyron Siachoque<\/td>\n<td><a href=\"mailto:tasiachoque@ingprovidencia.com\">tasiachoque<\/a><a href=\"mailto:Ariascos@providenciaco.com\">@providenciaco.com<\/a><a href=\"mailto:tasiachoque@ingprovidencia.com\">\u00a0\u00a0<\/a><\/td>\n<\/tr>\n<tr>\n<td>Incauca<\/td>\n<td>Ang\u00e9lica Quiroga<\/td>\n<td><a href=\"mailto:amquiroga@incauca.com\">amquiroga@incauca.com<\/a><\/td>\n<\/tr>\n<tr>\n<td>Maria Luisa<\/td>\n<td>Diana Lucia Delbasto<\/td>\n<td><a href=\"mailto:dl.delbasto@ingeniomarialuisa.com\">dl.delbasto@ingeniomarialuisa.com<\/a><\/td>\n<\/tr>\n<tr>\n<td>Maria Luisa<\/td>\n<td>Martha Nelly Plaza<\/td>\n<td><a href=\"mailto:mn.plaza@ingeniomarialuisa.com\">mn.plaza@ingeniomarialuisa.com<\/a><\/td>\n<\/tr>\n<tr>\n<td>Occidente<\/td>\n<td>Clara Botina<\/td>\n<td><a href=\"mailto:clara.botinaperez@gmail.com\">clara.botinaperez@gmail.com<\/a><\/td>\n<\/tr>\n<tr>\n<td>Mayag\u00fcez<\/td>\n<td>Luis Felipe Ramirez<\/td>\n<td><a href=\"mailto:luramirez@ingeniomayaguez.com\">luramirez@ingeniomayaguez.com<\/a><\/td>\n<\/tr>\n<tr>\n<td>Mayag\u00fcez<\/td>\n<td>Paola Lozano<\/td>\n<td><a href=\"mailto:paolozano@ingeniomayaguez.com\">paolozano@ingeniomayaguez.com<\/a><\/td>\n<\/tr>\n<tr>\n<td>San Carlos<\/td>\n<td>Hernan Aguilera<\/td>\n<td><a href=\"mailto:haguilera@ingeniosancarlos.com.co\">haguilera@ingeniosancarlos.com.co<\/a><\/td>\n<\/tr>\n<tr>\n<td>San Carlos<\/td>\n<td>Analinda Carvajal<\/td>\n<td><a href=\"mailto:Acarvajal@ingeniosancarlos.com.co\">Acarvajal@ingeniosancarlos.com.co<\/a><\/td>\n<\/tr>\n<tr>\n<td>Riopaila-Castilla<\/td>\n<td>Martha Gonz\u00e1lez<\/td>\n<td><a href=\"mailto:martha.gonzalez@riopaila-castilla.com\">martha.gonzalez@riopaila-castilla.com<\/a><\/td>\n<\/tr>\n<tr>\n<td>Riopaila-Castilla<\/td>\n<td>Guillermo Acosta<\/td>\n<td><a href=\"mailto:guillermo.acosta@riopaila-castilla.com\">guillermo.acosta@riopaila-castilla.com<\/a><\/td>\n<\/tr>\n<tr>\n<td>Risaralda<\/td>\n<td>Johanna Andrea Zuluaga<\/td>\n<td><a href=\"mailto:jazuluaga@ingeniorisaralda.com\">jazuluaga@ingeniorisaralda.com<\/a><\/td>\n<\/tr>\n<tr>\n<td>Pichichi<\/td>\n<td>Jos\u00e9 Lub\u00edn Cobo<\/td>\n<td><a href=\"mailto:jlcobo@ingeniopichichi.com\">jlcobo@ingeniopichichi.com<\/a><\/td>\n<\/tr>\n<tr>\n<td>Manuelita<\/td>\n<td>Javier Vidales<\/td>\n<td><a href=\"mailto:javier.vidales@manuelita.com\">javier.vidales@manuelita.com<\/a><\/td>\n<\/tr>\n<tr>\n<td>Manuelita<\/td>\n<td>\u00c1ngela Duque<\/td>\n<td><a href=\"mailto:angela.duque@manuelita.com\">angela.duque@manuelita.com<\/a><\/td>\n<\/tr>\n<tr>\n<td>Carmelita<\/td>\n<td>Luis Miguel Hurtado<\/td>\n<td><a href=\"mailto:lhurtado@ingeniocarmelita.com\">lhurtado@ingeniocarmelita.com<\/a><\/td>\n<\/tr>\n<tr>\n<td>Carmelita<\/td>\n<td>Lady Murillo<\/td>\n<td><a href=\"mailto:lmurillo@ingeniocarmelita.com\">lmurillo@ingeniocarmelita.com<\/a><\/td>\n<\/tr>\n<\/tbody>\n<\/table>\n<\/figure>\n<p><!-- \/divi:table --><\/p>\n<p><!-- divi:paragraph -->Para explicar los detalles del programa a los cultivadores de ca\u00f1a, se est\u00e1n adelantando reuniones de socializaci\u00f3n virtuales lideradas por Martha Betancourt, directora ejecutiva de Proca\u00f1a, y Claudia Calero, presidenta de Asoca\u00f1a, en donde se muestran los detalles de vinculaci\u00f3n a esta innovadora estrategia que impulsar\u00e1 la reactivaci\u00f3n econ\u00f3mica y el empleo en la regi\u00f3n.<\/p>\n<p><!-- \/divi:paragraph --><\/p>\n<p><!-- divi:paragraph -->\u201cEl programa tambi\u00e9n espera establecer encadenamientos entre la Agroindustria de la Ca\u00f1a y emprendimientos locales, con el fin de promover y contribuir al desarrollo de estrategias de valor compartido en la regi\u00f3n, aportar al desarrollo de las econom\u00edas y los proveedores locales\u201d, expres\u00f3 Martha Betancourt, directora de Proca\u00f1a.<\/p>\n<p><!-- \/divi:paragraph --><\/p>\n[\/et_pb_text][\/et_pb_column][\/et_pb_row][\/et_pb_section]\n","protected":false},"excerpt":{"rendered":"<p>Es un programa de formaci\u00f3n y generaci\u00f3n de empleo agroindustrial liderado por Proca\u00f1a, Asoca\u00f1a, Azucari,\u00a0CENICA\u00d1A, SENA e ICBF, que contar\u00e1 con una inversi\u00f3n anual de m\u00e1s de 20 mil millones de pesos y que est\u00e1 dirigido en una primera etapa a comunidades de 28 municipios de los departamentos del Valle, Cauca y\u00a0Risaralda, siendo la primera [&hellip;]<\/p>\n","protected":false},"author":9,"featured_media":3220,"comment_status":"open","ping_status":"open","sticky":false,"template":"","format":"standard","meta":{"_et_pb_use_builder":"on","_et_pb_old_content":"<!-- wp:paragraph -->\n<p>Es un programa de formaci\u00f3n y generaci\u00f3n de empleo agroindustrial liderado por Proca\u00f1a, Asoca\u00f1a, Azucari,&nbsp;CENICA\u00d1A, SENA e ICBF, que contar\u00e1 con una inversi\u00f3n anual de m\u00e1s de 20 mil millones de pesos y que est\u00e1 dirigido en una primera etapa a comunidades de 28 municipios de los departamentos del Valle, Cauca y&nbsp;Risaralda, siendo la primera iniciativa publico privada para generar empleo en Colombia, donde se crear\u00e1n, en una primera etapa 1.500 nuevas fuentes de trabajo formal dirigido a hombres y mujeres mayores de 18 a\u00f1os.<\/p>\n<!-- \/wp:paragraph -->\n\n<!-- wp:paragraph -->\n<p>El programa inicia con la identificaci\u00f3n y selecci\u00f3n de los beneficiarios tomando como base las 5.774 personas registradas. Una vez realizada esa selecci\u00f3n, se contin\u00faa con el acompa\u00f1amiento psicosocial, el fortalecimiento de capacidades y&nbsp;habilidades de liderazgo desarrollado por <strong>ICBF<\/strong> en el marco de su Programa Generaciones Sac\u00fadete.<\/p>\n<!-- \/wp:paragraph -->\n\n<!-- wp:paragraph -->\n<p>Surtido el proceso con <strong>ICBF<\/strong>, se contin\u00faa con la formaci\u00f3n t\u00e9cnica para el trabajo agroindustrial que se adelantar\u00e1 con el apoyo&nbsp;de nuestro Centro de Investigaci\u00f3n de la Ca\u00f1a de Az\u00facar- Cenica\u00f1a y el <strong>SENA<\/strong>. El <strong>SENA<\/strong> llevar\u00e1 a cabo la formaci\u00f3n y entrenamiento en labores, procesos t\u00e9cnicos y agr\u00edcolas, as\u00ed como en competencias a la medida. Este proceso se realiza en el marco del contrato de aprendizaje, surtida esta etapa se pasa a la vinculaci\u00f3n laboral.<\/p>\n<!-- \/wp:paragraph -->\n\n<!-- wp:paragraph -->\n<p>Con Compromiso Rural, los j\u00f3venes ser\u00e1n vinculados para diferentes actividades en el procesamiento del cultivo de ca\u00f1a de az\u00facar y sus respectivos procesos en labores de campo y cosecha, proceso de f\u00e1brica, administraci\u00f3n y almac\u00e9n y otros, seg\u00fan las necesidades de cada empleador.<\/p>\n<!-- \/wp:paragraph -->\n\n<!-- wp:paragraph -->\n<p>Los cultivadores de ca\u00f1a estamos comprometidos a aportar a la construcci\u00f3n de una mejor regi\u00f3n, de las <strong>1.500<\/strong> <strong>nuevas fuentes de trabajo los cultivadores de ca\u00f1a estamos comprometidos a generar como m\u00ednimo 500 puestos de trabajo con contrato. Vale la pena aclarar que no son temporales, ni por jornal ni a trav\u00e9s de contratista; son empleos directos.<\/strong><\/p>\n<!-- \/wp:paragraph -->\n\n<!-- wp:paragraph -->\n<p><strong>\u00bfComo acceder a los candidatos disponibles?<\/strong><\/p>\n<!-- \/wp:paragraph -->\n\n<!-- wp:paragraph -->\n<p>Los productores de ca\u00f1a interesados en acceder a los candidatos para cubrir sus vacantes, deben acudir directamente al funcionario de su ingenio, quien enviara los datos de contacto del aspirante seg\u00fan los requerimientos del cargo, el nivel educativo que usted prefiere y lugar de residencia.<\/p>\n<!-- \/wp:paragraph -->\n\n<!-- wp:paragraph -->\n<p><strong>\u00bfQu\u00e9 hacer si el cultivador ya tiene el candidato?<\/strong><\/p>\n<!-- \/wp:paragraph -->\n\n<!-- wp:paragraph -->\n<p>Puede proceder a vincularlo, pero es indispensable que le informe a su ingenio para que lo registre en COMPROMISO RURAL e inicie cuanto antes el proceso de capacitaci\u00f3n con el ICBF. Igualmente usted puede comunicarse directamente con los tel\u00e9fonos de Proca\u00f1a donde le brindaremos apoyo.<\/p>\n<!-- \/wp:paragraph -->\n\n<!-- wp:paragraph -->\n<p>Este es el listado de los funcionarios por cada ingenio que brindaran apoyo:<\/p>\n<!-- \/wp:paragraph -->\n\n<!-- wp:table -->\n<figure class=\"wp-block-table\"><table><tbody><tr><td>Ingenio<\/td><td>Nombre<\/td><td>Correo Electr\u00f3nico<\/td><\/tr><tr><td>Asoca\u00f1a<\/td><td>Juan Pablo Coral<\/td><td><a href=\"mailto:jpcoral@asocana.org\">jpcoral@asocana.org<\/a><\/td><\/tr><tr><td>Asoca\u00f1a<\/td><td>David Loaiza<\/td><td><a href=\"mailto:dloaiza@asocana.org\">dloaiza@asocana.org<\/a><\/td><\/tr><tr><td>Asoca\u00f1a<\/td><td>Equipo de Informaci\u00f3n<\/td><td><a href=\"mailto:compromisorural@asocana.org\">compromisorural@asocana.org<\/a><\/td><\/tr><tr><td>La Caba\u00f1a<\/td><td>Oscar Mora<\/td><td><a href=\"mailto:omora@ingeniolacabana.com\">omora@ingeniolacabana.com<\/a><\/td><\/tr><tr><td>La Caba\u00f1a<\/td><td>Luz Stella Porras<\/td><td><a href=\"mailto:lporras@ingeniolacabana.com\">lporras@ingeniolacabana.com<\/a><\/td><\/tr><tr><td>Providencia<\/td><td>Tyron Siachoque<\/td><td><a href=\"mailto:tasiachoque@ingprovidencia.com\">tasiachoque@ingprovidencia.com<\/a><\/td><\/tr><tr><td>Providencia<\/td><td>Angie Riascos<\/td><td><a href=\"mailto:ariascos@ingprovidencia.com\">ariascos@ingprovidencia.com<\/a><\/td><\/tr><tr><td>Incauca<\/td><td>Tyron Siachoque<\/td><td><a href=\"mailto:tasiachoque@ingprovidencia.com\">tasiachoque@ingprovidencia.com<\/a><\/td><\/tr><tr><td>Incauca<\/td><td>Ang\u00e9lica Quiroga<\/td><td><a href=\"mailto:amquiroga@incauca.com\">amquiroga@incauca.com<\/a><\/td><\/tr><tr><td>Maria Luisa<\/td><td>Diana Lucia Delbasto<\/td><td><a href=\"mailto:dl.delbasto@ingeniomarialuisa.com\">dl.delbasto@ingeniomarialuisa.com<\/a><\/td><\/tr><tr><td>Maria Luisa<\/td><td>Martha Nelly Plaza<\/td><td><a href=\"mailto:mn.plaza@ingeniomarialuisa.com\">mn.plaza@ingeniomarialuisa.com<\/a><\/td><\/tr><tr><td>Occidente<\/td><td>Clara Botina<\/td><td><a href=\"mailto:clara.botinaperez@gmail.com\">clara.botinaperez@gmail.com<\/a><\/td><\/tr><tr><td>Mayag\u00fcez<\/td><td>Luis Felipe Ramirez<\/td><td><a href=\"mailto:luramirez@ingeniomayaguez.com\">luramirez@ingeniomayaguez.com<\/a><\/td><\/tr><tr><td>Mayag\u00fcez<\/td><td>Paola Lozano<\/td><td><a href=\"mailto:paolozano@ingeniomayaguez.com\">paolozano@ingeniomayaguez.com<\/a><\/td><\/tr><tr><td>San Carlos<\/td><td>Hernan Aguilera<\/td><td><a href=\"mailto:haguilera@ingeniosancarlos.com.co\">haguilera@ingeniosancarlos.com.co<\/a><\/td><\/tr><tr><td>San Carlos<\/td><td>Analinda Carvajal<\/td><td><a href=\"mailto:Acarvajal@ingeniosancarlos.com.co\">Acarvajal@ingeniosancarlos.com.co<\/a><\/td><\/tr><tr><td>Riopaila-Castilla<\/td><td>Martha Gonz\u00e1lez<\/td><td><a href=\"mailto:martha.gonzalez@riopaila-castilla.com\">martha.gonzalez@riopaila-castilla.com<\/a><\/td><\/tr><tr><td>Riopaila-Castilla<\/td><td>Guillermo Acosta<\/td><td><a href=\"mailto:guillermo.acosta@riopaila-castilla.com\">guillermo.acosta@riopaila-castilla.com<\/a><\/td><\/tr><tr><td>Risaralda<\/td><td>Johanna Andrea Zuluaga<\/td><td><a href=\"mailto:jazuluaga@ingeniorisaralda.com\">jazuluaga@ingeniorisaralda.com<\/a><\/td><\/tr><tr><td>Pichichi<\/td><td>Jos\u00e9 Lub\u00edn Cobo<\/td><td><a href=\"mailto:jlcobo@ingeniopichichi.com\">jlcobo@ingeniopichichi.com<\/a><\/td><\/tr><tr><td>Manuelita<\/td><td>Javier Vidales<\/td><td><a href=\"mailto:javier.vidales@manuelita.com\">javier.vidales@manuelita.com<\/a><\/td><\/tr><tr><td>Manuelita<\/td><td>\u00c1ngela Duque<\/td><td><a href=\"mailto:angela.duque@manuelita.com\">angela.duque@manuelita.com<\/a><\/td><\/tr><tr><td>Carmelita<\/td><td>Luis Miguel Hurtado<\/td><td><a href=\"mailto:lhurtado@ingeniocarmelita.com\">lhurtado@ingeniocarmelita.com<\/a><\/td><\/tr><tr><td>Carmelita<\/td><td>Lady Murillo<\/td><td><a href=\"mailto:lmurillo@ingeniocarmelita.com\">lmurillo@ingeniocarmelita.com<\/a><\/td><\/tr><\/tbody><\/table><\/figure>\n<!-- \/wp:table -->\n\n<!-- wp:paragraph -->\n<p>Para explicar los detalles del programa a los cultivadores de ca\u00f1a, se est\u00e1n adelantando reuniones de socializaci\u00f3n virtuales lideradas por Martha Betancourt, directora ejecutiva de Proca\u00f1a, y Claudia Calero, presidenta de Asoca\u00f1a, en donde se muestran los detalles de vinculaci\u00f3n a esta innovadora estrategia que impulsar\u00e1 la reactivaci\u00f3n econ\u00f3mica y el empleo en la regi\u00f3n.<\/p>\n<!-- \/wp:paragraph -->\n\n<!-- wp:paragraph -->\n<p>\u201cEl programa tambi\u00e9n espera establecer encadenamientos entre la Agroindustria de la Ca\u00f1a y emprendimientos locales, con el fin de promover y contribuir al desarrollo de estrategias de valor compartido en la regi\u00f3n, aportar al desarrollo de las econom\u00edas y los proveedores locales\u201d, expres\u00f3 Martha Betancourt, directora de Proca\u00f1a.<\/p>\n<!-- \/wp:paragraph -->","_et_gb_content_width":"","footnotes":""},"categories":[9,11],"tags":[],"class_list":["post-3218","post","type-post","status-publish","format-standard","has-post-thumbnail","hentry","category-revista","category-revista-general"],"_links":{"self":[{"href":"https:\/\/procana.org\/site\/wp-json\/wp\/v2\/posts\/3218","targetHints":{"allow":["GET"]}}],"collection":[{"href":"https:\/\/procana.org\/site\/wp-json\/wp\/v2\/posts"}],"about":[{"href":"https:\/\/procana.org\/site\/wp-json\/wp\/v2\/types\/post"}],"author":[{"embeddable":true,"href":"https:\/\/procana.org\/site\/wp-json\/wp\/v2\/users\/9"}],"replies":[{"embeddable":true,"href":"https:\/\/procana.org\/site\/wp-json\/wp\/v2\/comments?post=3218"}],"version-history":[{"count":5,"href":"https:\/\/procana.org\/site\/wp-json\/wp\/v2\/posts\/3218\/revisions"}],"predecessor-version":[{"id":3431,"href":"https:\/\/procana.org\/site\/wp-json\/wp\/v2\/posts\/3218\/revisions\/3431"}],"wp:featuredmedia":[{"embeddable":true,"href":"https:\/\/procana.org\/site\/wp-json\/wp\/v2\/media\/3220"}],"wp:attachment":[{"href":"https:\/\/procana.org\/site\/wp-json\/wp\/v2\/media?parent=3218"}],"wp:term":[{"taxonomy":"category","embeddable":true,"href":"https:\/\/procana.org\/site\/wp-json\/wp\/v2\/categories?post=3218"},{"taxonomy":"post_tag","embeddable":true,"href":"https:\/\/procana.org\/site\/wp-json\/wp\/v2\/tags?post=3218"}],"curies":[{"name":"wp","href":"https:\/\/api.w.org\/{rel}","templated":true}]}}