{"id":2835,"date":"2021-05-10T09:43:36","date_gmt":"2021-05-10T14:43:36","guid":{"rendered":"https:\/\/procana.org\/site\/?p=2835"},"modified":"2021-05-10T10:07:12","modified_gmt":"2021-05-10T15:07:12","slug":"sector-privado-del-valle-a-favor-del-dialogo","status":"publish","type":"post","link":"https:\/\/procana.org\/site\/sector-privado-del-valle-a-favor-del-dialogo\/","title":{"rendered":"Sector privado del Valle a favor del di\u00e1logo"},"content":{"rendered":"<p>[et_pb_section fb_built=&#8221;1&#8243; _builder_version=&#8221;3.22&#8243;][et_pb_row _builder_version=&#8221;3.25&#8243; background_size=&#8221;initial&#8221; background_position=&#8221;top_left&#8221; background_repeat=&#8221;repeat&#8221;][et_pb_column type=&#8221;4_4&#8243; _builder_version=&#8221;3.25&#8243; custom_padding=&#8221;|||&#8221; custom_padding__hover=&#8221;|||&#8221;][et_pb_text _builder_version=&#8221;4.8.1&#8243; background_size=&#8221;initial&#8221; background_position=&#8221;top_left&#8221; background_repeat=&#8221;repeat&#8221; hover_enabled=&#8221;0&#8243; sticky_enabled=&#8221;0&#8243;]<\/p>\n<p><!-- divi:paragraph -->El Sector Privado del Valle del Cauca se manifiesta a favor del di\u00e1logo. Los 44 firmantes se solidarizan con las v\u00edctimas y manifiestan su total disposici\u00f3n para aportar a la generaci\u00f3n de consensos que permitan superar los acontecimientos ocurridos en la regi\u00f3n.<\/p>\n<p>&nbsp;<\/p>\n<p>&nbsp;<\/p>\n<p><img loading=\"lazy\" decoding=\"async\" src=\"https:\/\/procana.org\/site\/wp-content\/uploads\/2021\/05\/Sector-Privado-A-Favo-Dialogo_1.1.jpg\" width=\"1166\" height=\"768\" alt=\"\" class=\"wp-image-2845 alignnone size-full\" \/><\/p>\n<p><img loading=\"lazy\" decoding=\"async\" src=\"https:\/\/procana.org\/site\/wp-content\/uploads\/2021\/05\/Sector-Privado-A-Favo-Dialogo_1.2.jpg\" width=\"1162\" height=\"414\" alt=\"\" class=\"wp-image-2847 alignnone size-full\" \/><\/p>\n<p><img loading=\"lazy\" decoding=\"async\" src=\"https:\/\/procana.org\/site\/wp-content\/uploads\/2021\/05\/Sector-Privado-A-Favo-Dialogo_2.1.jpg\" width=\"1162\" height=\"768\" alt=\"\" class=\"wp-image-2848 alignnone size-full\" \/><\/p>\n<p><img loading=\"lazy\" decoding=\"async\" src=\"https:\/\/procana.org\/site\/wp-content\/uploads\/2021\/05\/Sector-Privado-A-Favo-Dialogo_2.2.jpg\" width=\"1162\" height=\"560\" alt=\"\" class=\"wp-image-2849 alignnone size-full\" \/><\/p>\n<p>&nbsp;<\/p>\n<p><!-- \/divi:paragraph --> <!-- divi:paragraph --><\/p>\n<p><!-- \/divi:paragraph --><\/p>\n<p>[\/et_pb_text][\/et_pb_column][\/et_pb_row][et_pb_row _builder_version=&#8221;3.25&#8243; background_size=&#8221;initial&#8221; background_position=&#8221;top_left&#8221; background_repeat=&#8221;repeat&#8221;][et_pb_column type=&#8221;4_4&#8243; _builder_version=&#8221;3.25&#8243; custom_padding=&#8221;|||&#8221; custom_padding__hover=&#8221;|||&#8221;][\/et_pb_column][\/et_pb_row][\/et_pb_section]<\/p>\n","protected":false},"excerpt":{"rendered":"<p>El Sector Privado del Valle del Cauca se manifiesta a favor del di\u00e1logo. Los 44 firmantes se solidarizan con las v\u00edctimas y manifiestan su total disposici\u00f3n para aportar a la generaci\u00f3n de consensos que permitan superar los acontecimientos ocurridos en la regi\u00f3n. &nbsp; &nbsp; &nbsp;<\/p>\n","protected":false},"author":9,"featured_media":2838,"comment_status":"open","ping_status":"open","sticky":false,"template":"","format":"standard","meta":{"_et_pb_use_builder":"on","_et_pb_old_content":"<!-- wp:paragraph -->\n<p>El Sector Privado del Valle del Cauca se manifiesta a favor del di\u00e1logo. Los 44 firmantes se solidarizan con las v\u00edctimas y manifiestan su total disposici\u00f3n para aportar a la generaci\u00f3n de consensos que permitan superar los acontecimientos ocurridos en la regi\u00f3n.<\/p>\n<!-- \/wp:paragraph -->\n\n<!-- wp:paragraph -->\n<p><\/p>\n<!-- \/wp:paragraph -->","_et_gb_content_width":"","footnotes":""},"categories":[5,4],"tags":[],"class_list":["post-2835","post","type-post","status-publish","format-standard","has-post-thumbnail","hentry","category-noticia-principal","category-noticias"],"_links":{"self":[{"href":"https:\/\/procana.org\/site\/wp-json\/wp\/v2\/posts\/2835","targetHints":{"allow":["GET"]}}],"collection":[{"href":"https:\/\/procana.org\/site\/wp-json\/wp\/v2\/posts"}],"about":[{"href":"https:\/\/procana.org\/site\/wp-json\/wp\/v2\/types\/post"}],"author":[{"embeddable":true,"href":"https:\/\/procana.org\/site\/wp-json\/wp\/v2\/users\/9"}],"replies":[{"embeddable":true,"href":"https:\/\/procana.org\/site\/wp-json\/wp\/v2\/comments?post=2835"}],"version-history":[{"count":4,"href":"https:\/\/procana.org\/site\/wp-json\/wp\/v2\/posts\/2835\/revisions"}],"predecessor-version":[{"id":2851,"href":"https:\/\/procana.org\/site\/wp-json\/wp\/v2\/posts\/2835\/revisions\/2851"}],"wp:featuredmedia":[{"embeddable":true,"href":"https:\/\/procana.org\/site\/wp-json\/wp\/v2\/media\/2838"}],"wp:attachment":[{"href":"https:\/\/procana.org\/site\/wp-json\/wp\/v2\/media?parent=2835"}],"wp:term":[{"taxonomy":"category","embeddable":true,"href":"https:\/\/procana.org\/site\/wp-json\/wp\/v2\/categories?post=2835"},{"taxonomy":"post_tag","embeddable":true,"href":"https:\/\/procana.org\/site\/wp-json\/wp\/v2\/tags?post=2835"}],"curies":[{"name":"wp","href":"https:\/\/api.w.org\/{rel}","templated":true}]}}