{"id":2327,"date":"2021-03-18T17:03:58","date_gmt":"2021-03-18T22:03:58","guid":{"rendered":"https:\/\/procana.org\/site\/?p=2327"},"modified":"2021-03-18T17:27:42","modified_gmt":"2021-03-18T22:27:42","slug":"asoamaime","status":"publish","type":"post","link":"https:\/\/procana.org\/site\/asoamaime\/","title":{"rendered":"ASOAMAIME: Estrategias con enfoque sostenible"},"content":{"rendered":"\n<p>Estrategias con enfoque sostenible<\/p>\n\n\n\n<p>La Asociaci\u00f3n de Usuarios de los r\u00edos Amaime y Nima &#8211; Asoamaime, lleva m\u00e1s de 26 a\u00f1os contribuyendo en la preservaci\u00f3n, restauraci\u00f3n y regeneraci\u00f3n natural de los ecosistemas en la cuenca hidrogr\u00e1fica del r\u00edo Amaime y su principal afluente, el r\u00edo Nima.<\/p>\n\n\n\n<p>Ha demostrado que gracias al aporte voluntario y el compromiso socioambiental de sus asociados, se logra mantener en el tiempo la implementaci\u00f3n de iniciativas comunitarias y ambientales que permiten mitigar, prepararse, resistir o adaptarse a los cambios socio econ\u00f3micos y ambientales, contribuyendo en el mejoramiento de la disponibilidad h\u00eddrica, la captura de carbono, la regulaci\u00f3n del clima, la preservaci\u00f3n de la biodiversidad y la productividad agropecuaria a largo plazo.<\/p>\n\n\n\n<p><strong>Programas y logros de la Asociaci\u00f3n de Usuarios<\/strong><\/p>\n\n\n\n<p><\/p>\n\n\n\n<div class=\"wp-block-image\"><figure class=\"aligncenter size-large\"><img loading=\"lazy\" decoding=\"async\" width=\"500\" height=\"370\" src=\"https:\/\/procana.org\/site\/wp-content\/uploads\/2021\/03\/RevistaASOAMAIMEGrafica1.jpg\" alt=\"\" class=\"wp-image-2336\"\/><\/figure><\/div>\n\n\n\n<p>El programa de corredores de conectividad ecol\u00f3gica permite mejorar las franjas protectoras de las fuentes de agua superficial en la zona plana con el fin de generar conectividad ecol\u00f3gica y funcional que facilite el desplazamiento de la biodiversidad desde la zona plana hasta la zona alta de la cuenca.<\/p>\n\n\n\n<p>El Plan de restauraci\u00f3n ecol\u00f3gica \u201cJuntos por una cuenca protegida\u201d cuenta con tres estrategias definidas y con un foco ambiental: uno de ellos es el programa L\u00ednea Amarilla, que se enfoca en la preservaci\u00f3n, protecci\u00f3n y restauraci\u00f3n de los nacimientos de agua a trav\u00e9s de la implementaci\u00f3n de herramientas de manejo de paisaje. En el marco de este plan se ha logrado el aislamiento de 718 nacimientos de agua, equivalentes a la conservaci\u00f3n de 2.203 hect\u00e1reas de bosque altoandino. As\u00ed mismo, se han sembrado m\u00e1s de 275.200 \u00e1rboles y una inversi\u00f3n de m\u00e1s de 2.816 millones invertidos en procesos de restauraci\u00f3n de la cuenca hidrogr\u00e1fica del r\u00edo Amaime.<\/p>\n\n\n\n<p>Magda Ortiz explic\u00f3 que \u201cel programa de impacto es el de zonificaci\u00f3n de \u00e1reas de importancia estrat\u00e9gica, que busca identificar ecosistemas para la priorizaci\u00f3n de acciones que mejoren las condiciones sociales, ambientales y econ\u00f3micas, encaminadas en contribuir en la sostenibilidad de la cuenca del r\u00edo Amaime y sus afluentes. En 2019, se realiz\u00f3 la identificaci\u00f3n y caracterizaci\u00f3n de los acueductos rurales existentes en la cuenca\u201d.<\/p>\n\n\n\n<figure class=\"wp-block-image size-large is-resized\"><img loading=\"lazy\" decoding=\"async\" src=\"https:\/\/procana.org\/site\/wp-content\/uploads\/2021\/03\/RevistaASOAMAIMEFoto3.jpg\" alt=\"\" class=\"wp-image-2331\" width=\"820\" height=\"570\"\/><\/figure>\n\n\n\n<p>Asoamaime cuenta con otro plan estrat\u00e9gico: la gesti\u00f3n integral del recurso h\u00eddrico, donde primero apoya continuamente la resoluci\u00f3n de conflictos por uso del agua, as\u00ed como la promoci\u00f3n, el uso eficiente y el ahorro de este en los usuarios de la zona plana.<\/p>\n\n\n\n<p>Y el plan de conservaci\u00f3n de agua, suelo y biodiversidad se ha llevado a cabo un proceso formativo y de acompa\u00f1amiento permanente por Rare Inc. Colombia, donde Asoamaime ha incorporado a sus iniciativas un enfoque comportamental para hacer m\u00e1s efectiva y costo eficiente la adopci\u00f3n de pr\u00e1cticas agropecuarias sostenibles.<\/p>\n\n\n\n<p>Dentro del programa se han priorizado tres pr\u00e1cticas que apuntan a un manejo sostenible de los cultivos:<\/p>\n\n\n\n<p>\u2022&nbsp;Irrigar de acuerdo con datos agroclim\u00e1ticos y necesidades del cultivo a trav\u00e9s del establecimiento de estaciones agroclim\u00e1ticas;<\/p>\n\n\n\n<p>\u2022 Fertilizar de acuerdo a los resultados del an\u00e1lisis del suelo ligado a la promoci\u00f3n en el uso eficiente y racional de agroqu\u00edmicos y fertilizantes<\/p>\n\n\n\n<p>\u2022&nbsp;Producir compostaje con los residuos (cosecha y gallinaza cruda), para mejorar la materia org\u00e1nica&nbsp; del suelo y promover el proceso de captura de carbono.<\/p>\n\n\n\n<p><strong>Programa P\u00e1ramos y Bosque: Campa\u00f1a 2021<\/strong><\/p>\n\n\n\n<figure class=\"wp-block-image size-large\"><img loading=\"lazy\" decoding=\"async\" width=\"747\" height=\"519\" src=\"https:\/\/procana.org\/site\/wp-content\/uploads\/2021\/03\/RevistaASOAMAIMEFoto2.jpg\" alt=\"\" class=\"wp-image-2334\"\/><\/figure>\n\n\n\n<p>Desde marzo del 2020, Asoamaime asume el liderazgo de la alianza estrat\u00e9gica que busca tener una estructura de gobernanza que permita la participaci\u00f3n de todos los actores que se benefician de la cuenca y tambi\u00e9n de los que la cuidan, adem\u00e1s de contribuir en el mejoramiento integral de los ecosistemas de la alta monta\u00f1a, a trav\u00e9s de la construcci\u00f3n del proyecto para la cooperaci\u00f3n internacional con el Programa P\u00e1ramos y Bosque \u2013 P&amp;B de la Agencia de los Estados Unidos para el Desarrollo Internacional \u2013 USAID.<\/p>\n\n\n\n<p>Esta alianza p\u00fablico &#8211; privada tiene 4 componentes:&nbsp; planificaci\u00f3n predial participativa, reconversi\u00f3n y encadenamientos productivos sostenibles, restauraci\u00f3n y conservaci\u00f3n, dise\u00f1o y gesti\u00f3n del esquema de Pagos por Servicios Ambientales, PSA.<\/p>\n\n\n\n<p>\u201cEl Cuidado del Agua es Asunto de Todos, y todos debemos articularnos para trabajar juntos por una cuenca protegida. Hoy en d\u00eda los escenarios de cambio clim\u00e1tico ponen en riesgo el ecosistema de la alta monta\u00f1a, en donde se produce el agua. Debemos unir esfuerzos t\u00e9cnicos, econ\u00f3micos y humanos para la conservaci\u00f3n, restauraci\u00f3n y reconversi\u00f3n productiva de estos ecosistemas y proteger el agua, recurso vital para todos\u201d, concluy\u00f3 Magda Ortiz Trujillo, directora administrativa de Asoamaime.<\/p>\n","protected":false},"excerpt":{"rendered":"<p>Estrategias con enfoque sostenible La Asociaci\u00f3n de Usuarios de los r\u00edos Amaime y Nima &#8211; Asoamaime, lleva m\u00e1s de 26 a\u00f1os contribuyendo en la preservaci\u00f3n, restauraci\u00f3n y regeneraci\u00f3n natural de los ecosistemas en la cuenca hidrogr\u00e1fica del r\u00edo Amaime y su principal afluente, el r\u00edo Nima. Ha demostrado que gracias al aporte voluntario y el [&hellip;]<\/p>\n","protected":false},"author":9,"featured_media":2333,"comment_status":"open","ping_status":"open","sticky":false,"template":"","format":"standard","meta":{"_et_pb_use_builder":"off","_et_pb_old_content":"","_et_gb_content_width":"","footnotes":""},"categories":[9,10],"tags":[],"class_list":["post-2327","post","type-post","status-publish","format-standard","has-post-thumbnail","hentry","category-revista","category-revista-principal"],"_links":{"self":[{"href":"https:\/\/procana.org\/site\/wp-json\/wp\/v2\/posts\/2327","targetHints":{"allow":["GET"]}}],"collection":[{"href":"https:\/\/procana.org\/site\/wp-json\/wp\/v2\/posts"}],"about":[{"href":"https:\/\/procana.org\/site\/wp-json\/wp\/v2\/types\/post"}],"author":[{"embeddable":true,"href":"https:\/\/procana.org\/site\/wp-json\/wp\/v2\/users\/9"}],"replies":[{"embeddable":true,"href":"https:\/\/procana.org\/site\/wp-json\/wp\/v2\/comments?post=2327"}],"version-history":[{"count":3,"href":"https:\/\/procana.org\/site\/wp-json\/wp\/v2\/posts\/2327\/revisions"}],"predecessor-version":[{"id":2344,"href":"https:\/\/procana.org\/site\/wp-json\/wp\/v2\/posts\/2327\/revisions\/2344"}],"wp:featuredmedia":[{"embeddable":true,"href":"https:\/\/procana.org\/site\/wp-json\/wp\/v2\/media\/2333"}],"wp:attachment":[{"href":"https:\/\/procana.org\/site\/wp-json\/wp\/v2\/media?parent=2327"}],"wp:term":[{"taxonomy":"category","embeddable":true,"href":"https:\/\/procana.org\/site\/wp-json\/wp\/v2\/categories?post=2327"},{"taxonomy":"post_tag","embeddable":true,"href":"https:\/\/procana.org\/site\/wp-json\/wp\/v2\/tags?post=2327"}],"curies":[{"name":"wp","href":"https:\/\/api.w.org\/{rel}","templated":true}]}}