{"id":1947,"date":"2021-03-14T16:04:31","date_gmt":"2021-03-14T21:04:31","guid":{"rendered":"https:\/\/procana.org\/site\/?p=1947"},"modified":"2021-10-01T09:01:46","modified_gmt":"2021-10-01T14:01:46","slug":"asamblea-ordinaria-procana-2021","status":"publish","type":"post","link":"https:\/\/procana.org\/site\/asamblea-ordinaria-procana-2021\/","title":{"rendered":"ASAMBLEA ORDINARIA PROCA\u00d1A 2021"},"content":{"rendered":"\n[et_pb_section fb_built=&#8221;1&#8243; admin_label=&#8221;section&#8221; _builder_version=&#8221;3.22&#8243;][et_pb_row admin_label=&#8221;row&#8221; _builder_version=&#8221;3.25&#8243; background_size=&#8221;initial&#8221; background_position=&#8221;top_left&#8221; background_repeat=&#8221;repeat&#8221;][et_pb_column type=&#8221;4_4&#8243; _builder_version=&#8221;3.25&#8243; custom_padding=&#8221;|||&#8221; custom_padding__hover=&#8221;|||&#8221;][et_pb_text admin_label=&#8221;Text&#8221; _builder_version=&#8221;4.8.1&#8243; background_size=&#8221;initial&#8221; background_position=&#8221;top_left&#8221; background_repeat=&#8221;repeat&#8221; hover_enabled=&#8221;0&#8243; sticky_enabled=&#8221;0&#8243;]<p><!-- divi:paragraph --><strong>ASAMBLEA ORDINARIA PROCA\u00d1A 2021<\/strong><\/p>\n<p><!-- \/divi:paragraph --><\/p>\n<p><!-- divi:paragraph --><em>El jueves 29 de julio, tendremos la XLVIII Asamblea Anual Ordinaria de Afiliados Virtual.<\/em><\/p>\n<p><!-- \/divi:paragraph --><\/p>\n<p><!-- divi:paragraph -->La Asamblea; es el espacio de uni\u00f3n, de fortalecimiento de v\u00ednculos y conexi\u00f3n entre los afiliados a PROCA\u00d1A donde conocer\u00e1n de primera mano temas estrat\u00e9gicos de la Agroindustria de la Ca\u00f1a, as\u00ed como la gesti\u00f3n del gremio en pol\u00edticas p\u00fablicas, trabajo ministerial, pol\u00edticas regionales, violaciones a la propiedad privada, cr\u00e9dito agropecuario y los avances del fondo social.<\/p>\n<p><!-- \/divi:paragraph --><\/p>\n<p><!-- divi:paragraph --><strong>Elecci\u00f3n de Junta Directiva 2021 \u2013 2023<\/strong><\/p>\n<p><!-- \/divi:paragraph --><\/p>\n<p><!-- divi:paragraph -->Durante ENLACE 2021 tendremos elecciones de Junta Directiva para el periodo 2021- 2023, donde los afiliados podr\u00e1n postular su nombre de acuerdo\u00a0<s>a<\/s>\u00a0con los requisitos establecidos en los estatutos del Gremio. Tendr\u00e1n voz y voto los afiliados que est\u00e9n a paz y salvo con la Asociaci\u00f3n por todo concepto al 30 de junio de 2021.<\/p>\n<p><!-- \/divi:paragraph --><\/p>\n<p><!-- divi:paragraph -->Hacemos una invitaci\u00f3n especial a todos nuestros afiliados para que participen de este proceso democr\u00e1tico y postulen su nombre como candidatos antes del viernes 23 de julio de 2021 a la 4:00 pm.<\/p>\n<p><!-- \/divi:paragraph --><\/p>\n<p><!-- divi:paragraph --><strong>\u00bfPor qu\u00e9 debe participar?<\/strong><\/p>\n<p><!-- \/divi:paragraph --><\/p>\n<p><!-- divi:list --><\/p>\n<ul>\n<li>Para ser parte de la toma de decisiones frente a la coyuntura econ\u00f3mica, social y pol\u00edtica<\/li>\n<li>Para compartir conocimientos, proponer alternativas y estrategias que contribuyan al desarrollo de nuestro sector<\/li>\n<li>Porque es fundamental escuchar opiniones y perspectivas de todos los productores de Ca\u00f1a de Colombia.<\/li>\n<\/ul>\n<p><!-- \/divi:list --><\/p>\n<p><!-- divi:paragraph --><strong>Requisitos para inscribir candidatura<\/strong><\/p>\n<p><!-- \/divi:paragraph --><\/p>\n<p><!-- divi:paragraph -->De acuerdo a los estatutos, los afiliados que deseen inscribir su candidatura deben:<\/p>\n<p><!-- \/divi:paragraph --><\/p>\n<p><!-- divi:list {\"ordered\":true} --><\/p>\n<ol>\n<li>Tener antig\u00fcedad de dos o m\u00e1s a\u00f1os como afiliado a Proca\u00f1a.<\/li>\n<li>Enviar carta manifestando su intenci\u00f3n de inscribir su candidatura, formato que podr\u00e1 encontrar en nuestra p\u00e1gina web\u00a0<span style=\"color: #008000;\"><a href=\"http:\/\/www.procana.org\/\" style=\"color: #008000;\">www.procana.org<\/a><\/span>, copia del documento de identidad, una foto tama\u00f1o carnet (digital), junto a un breve resumen de profesi\u00f3n, experiencia y las razones por las cuales quiere pertenecer a la Junta Directiva. los documentos deben ser enviados al correo electr\u00f3nico:\u00a0<span style=\"color: #008000;\"><a href=\"mailto:administrativo@procana.org\" style=\"color: #008000;\">administrativo@procana.org<\/a><\/span><\/li>\n<li>Si el afiliado es persona jur\u00eddica podr\u00e1 postularse el represente legal, si desean postular el nombre de uno de los socios deben enviar carta de aceptaci\u00f3n firmada por el representante legal de la sociedad.<\/li>\n<li>Si el afiliado est\u00e1 registrado como persona natural y son varios propietarios del predio, podr\u00e1 postular solamente a uno de los miembros de la familia que haga parte del contrato, as\u00ed mismo deber\u00e1 presentar la carta de aceptaci\u00f3n con la firma del candidato.<\/li>\n<\/ol>\n<p><!-- \/divi:list --><\/p>\n<p><!-- divi:paragraph --><strong>\u00bfQui\u00e9nes tienen derecho al voto?<\/strong><\/p>\n<p><!-- \/divi:paragraph --><\/p>\n<p><!-- divi:paragraph -->Podr\u00e1n ejercer el derecho al voto solamente los afiliados que se encuentren a paz y salvo con la Asociaci\u00f3n por todo concepto al 30 de junio de 2021. Es primordial resaltar que cada afiliaci\u00f3n tiene derecho a un (1) solo voto:<\/p>\n<p><!-- \/divi:paragraph --><\/p>\n<p><!-- divi:paragraph --><strong>Personas jur\u00eddicas:<\/strong><\/p>\n<p><!-- \/divi:paragraph --><\/p>\n<p><!-- divi:paragraph -->Tiene derecho al voto el representante legal principal o suplente registrado en el certificado de C\u00e1mara de Comercio. En todo caso deben presentar el certificado de c\u00e1mara de comercio que haya sido expedido m\u00e1ximo 30 d\u00edas de antelaci\u00f3n a la fecha de la asamblea<\/p>\n<p><!-- \/divi:paragraph --><\/p>\n<p><!-- divi:paragraph --><strong>Personas naturales:<\/strong><\/p>\n<p><!-- \/divi:paragraph --><\/p>\n<p><!-- divi:paragraph -->Para el caso de predios, cuyos due\u00f1os son varias personas naturales s\u00f3lo uno (1) ejercer\u00e1 el derecho al voto.<\/p>\n<p><!-- \/divi:paragraph --><\/p>\n<p><!-- divi:paragraph --><strong>Voto por Poder:<\/strong><\/p>\n<p><!-- \/divi:paragraph --><\/p>\n<p><!-- divi:paragraph -->El poder diligenciado debe enviarse por correo electr\u00f3nico a Proca\u00f1a a <span style=\"color: #008000;\"><a href=\"mailto:administrativo@procana.org\" target=\"_blank\" rel=\"noopener noreferrer\" style=\"color: #008000;\">administrativo@procana.org<\/a><\/span>\u00a0dos (2) d\u00edas antes de la asamblea<\/p>\n<p><strong><\/strong><\/p>\n<p><strong>Documentos:\u00a0<\/strong><\/p>\n<p>En caso de que desee postular su nombre como candidato a la Junta Directiva de Proca\u00f1a 2021-2023, descargue y diligencie el siguiente formato:<\/p>\n<p><span style=\"color: #008000;\"><strong><a href=\"https:\/\/procana.org\/site\/wp-content\/uploads\/2021\/07\/Inscirpcion-de-candidato-a-junta-2021.doc\" rel=\"attachment wp-att-3049\" style=\"color: #008000;\">INSCRIPCI\u00d3N DE CANDIDATURA JUNTA DIRECTIVA 2021-2021<\/a><\/strong><\/span><\/p>\n<p>&nbsp;<\/p>\n<p>As\u00ed mismo, en caso de que desee ceder su poder a alguien, descargue y\u00a0 diligencie los siguientes formularios, dependiendo si es persona NATURAL\u00a0 o JUR\u00cdDICA:<\/p>\n<p><span style=\"color: #008000;\"><strong><a href=\"https:\/\/procana.org\/site\/wp-content\/uploads\/2021\/07\/Poder-para-votar-Persona-Natural-2021.doc\" rel=\"attachment wp-att-3048\" style=\"color: #008000;\">PODER PARA VOTAR_PERSONA NATURAL<\/a><\/strong><\/span><\/p>\n<p><span style=\"color: #008000;\"><strong><a href=\"https:\/\/procana.org\/site\/wp-content\/uploads\/2021\/07\/Poder-para-votar-Persona-Juridica-2021.doc\" rel=\"attachment wp-att-3047\" style=\"color: #008000;\">PODER PARA VOTAR_PERSONA JUR\u00cdDICA<\/a><\/strong><\/span><\/p>\n<p><!-- \/divi:paragraph --><\/p>\n[\/et_pb_text][\/et_pb_column][\/et_pb_row][\/et_pb_section]\n","protected":false},"excerpt":{"rendered":"<p>ASAMBLEA ORDINARIA PROCA\u00d1A 2021 El jueves 29 de julio, tendremos la XLVIII Asamblea Anual Ordinaria de Afiliados Virtual. La Asamblea; es el espacio de uni\u00f3n, de fortalecimiento de v\u00ednculos y conexi\u00f3n entre los afiliados a PROCA\u00d1A donde conocer\u00e1n de primera mano temas estrat\u00e9gicos de la Agroindustria de la Ca\u00f1a, as\u00ed como la gesti\u00f3n del gremio [&hellip;]<\/p>\n","protected":false},"author":1,"featured_media":3386,"comment_status":"closed","ping_status":"closed","sticky":false,"template":"","format":"standard","meta":{"_et_pb_use_builder":"on","_et_pb_old_content":"<!-- wp:paragraph -->\n<p><strong>ASAMBLEA ORDINARIA PROCA\u00d1A 2021<\/strong><\/p>\n<!-- \/wp:paragraph -->\n\n<!-- wp:paragraph -->\n<p><em>El jueves 20 de mayo, tendremos la XLVIII Asamblea Anual Ordinaria de Afiliados Virtual.<\/em><\/p>\n<!-- \/wp:paragraph -->\n\n<!-- wp:paragraph -->\n<p>La Asamblea; es el espacio de uni\u00f3n, de fortalecimiento de v\u00ednculos y conexi\u00f3n entre los afiliados a PROCA\u00d1A donde conocer\u00e1n de primera mano temas estrat\u00e9gicos de la Agroindustria de la Ca\u00f1a, as\u00ed como la gesti\u00f3n del gremio en pol\u00edticas p\u00fablicas, trabajo ministerial, pol\u00edticas regionales, violaciones a la propiedad privada, cr\u00e9dito agropecuario y los avances del fondo social.<\/p>\n<!-- \/wp:paragraph -->\n\n<!-- wp:paragraph -->\n<p><strong>Elecci\u00f3n de Junta Directiva 2021 \u2013 2023<\/strong><\/p>\n<!-- \/wp:paragraph -->\n\n<!-- wp:paragraph -->\n<p>Durante ENLACE 2021 tendremos elecciones de Junta Directiva para el periodo 2021- 2023, donde los afiliados podr\u00e1n postular su nombre de acuerdo&nbsp;<s>a<\/s>&nbsp;con los requisitos establecidos en los estatutos del Gremio. Tendr\u00e1n voz y voto los afiliados que est\u00e9n a paz y salvo con la Asociaci\u00f3n por todo concepto al 30 de abril de 2021.<\/p>\n<!-- \/wp:paragraph -->\n\n<!-- wp:paragraph -->\n<p>Hacemos una invitaci\u00f3n especial a todos nuestros afiliados para que participen de este proceso democr\u00e1tico y postulen su nombre como candidatos antes del viernes 14 de mayo de 2021 a la 4:00 pm.<\/p>\n<!-- \/wp:paragraph -->\n\n<!-- wp:paragraph -->\n<p><strong>\u00bfPor qu\u00e9 debe participar?<\/strong><\/p>\n<!-- \/wp:paragraph -->\n\n<!-- wp:list -->\n<ul><li>Para ser parte de la toma de decisiones frente a la coyuntura econ\u00f3mica, social y pol\u00edtica<\/li><li>Para compartir conocimientos, proponer alternativas y estrategias que contribuyan al desarrollo de nuestro sector<\/li><li>Porque es fundamental escuchar opiniones y perspectivas de todos los productores de Ca\u00f1a de Colombia.<\/li><\/ul>\n<!-- \/wp:list -->\n\n<!-- wp:paragraph -->\n<p><strong>Requisitos para inscribir candidatura<\/strong><\/p>\n<!-- \/wp:paragraph -->\n\n<!-- wp:paragraph -->\n<p>De acuerdo a los estatutos, los afiliados que deseen inscribir su candidatura deben:<\/p>\n<!-- \/wp:paragraph -->\n\n<!-- wp:list {\"ordered\":true} -->\n<ol><li>Tener antig\u00fcedad de dos o m\u00e1s a\u00f1os como afiliado a Proca\u00f1a.<\/li><li>Enviar carta manifestando su intenci\u00f3n de inscribir su candidatura, formato que podr\u00e1 encontrar en nuestra p\u00e1gina web&nbsp;<a href=\"http:\/\/www.procana.org\/\">www.procana.org<\/a>, copia del documento de identidad, una foto tama\u00f1o carnet (digital), junto a un breve resumen de profesi\u00f3n, experiencia y las razones por las cuales quiere pertenecer a la Junta Directiva. los documentos deben ser enviados al correo electr\u00f3nico:&nbsp;<a href=\"mailto:administrativo@procana.org\">administrativo@procana.org<\/a><\/li><li>Si el afiliado es persona jur\u00eddica podr\u00e1 postularse el represente legal, si desean postular el nombre de uno de los socios deben enviar carta de aceptaci\u00f3n firmada por el representante legal de la sociedad.<\/li><li>Si el afiliado est\u00e1 registrado como persona natural y son varios propietarios del predio, podr\u00e1 postular solamente a uno de los miembros de la familia que haga parte del contrato, as\u00ed mismo deber\u00e1 presentar la carta de aceptaci\u00f3n con la firma del candidato.<\/li><\/ol>\n<!-- \/wp:list -->\n\n<!-- wp:paragraph -->\n<p><strong>\u00bfQui\u00e9nes tienen derecho al voto?<\/strong><\/p>\n<!-- \/wp:paragraph -->\n\n<!-- wp:paragraph -->\n<p>Podr\u00e1n ejercer el derecho al voto solamente los afiliados que se encuentren a paz y salvo con la Asociaci\u00f3n por todo concepto al 30 de abril de 2021. Es primordial resaltar que cada afiliaci\u00f3n tiene derecho a un (1) solo voto:<\/p>\n<!-- \/wp:paragraph -->\n\n<!-- wp:paragraph -->\n<p><strong>Personas jur\u00eddicas:<\/strong><\/p>\n<!-- \/wp:paragraph -->\n\n<!-- wp:paragraph -->\n<p>Tiene derecho al voto el representante legal principal o suplente registrado en el certificado de C\u00e1mara de Comercio. En todo caso deben presentar el certificado de c\u00e1mara de comercio que haya sido expedido m\u00e1ximo 30 d\u00edas de antelaci\u00f3n a la fecha de la asamblea<\/p>\n<!-- \/wp:paragraph -->\n\n<!-- wp:paragraph -->\n<p><strong>Personas naturales:<\/strong><\/p>\n<!-- \/wp:paragraph -->\n\n<!-- wp:paragraph -->\n<p>Para el caso de predios, cuyos due\u00f1os son varias personas naturales s\u00f3lo uno (1) ejercer\u00e1 el derecho al voto.<\/p>\n<!-- \/wp:paragraph -->\n\n<!-- wp:paragraph -->\n<p><strong>Voto por Poder:<\/strong><\/p>\n<!-- \/wp:paragraph -->\n\n<!-- wp:paragraph -->\n<p><strong>El poder diligenciado debe enviarse por correo electr\u00f3nico a Proca\u00f1a a&nbsp;<\/strong><a href=\"mailto:%3Cscript%20type='text\/javascript'%3E%20%3C!--%20var%20prefix%20=%20'ma'%20+%20'il'%20+%20'to';%20var%20path%20=%20'hr'%20+%20'ef'%20+%20'=';%20var%20addy26426%20=%20'adminsitarcion'%20+%20'@';%20addy26426%20=%20addy26426%20+%20'procana'%20+%20'.'%20+%20'org';%20document.write('%3Ca%20'%20+%20path%20+%20'''%20+%20prefix%20+%20':'%20+%20addy26426%20+%20''%3E');%20document.write(addy26426);%20document.write('%3C\/a%3E');%20\/\/--%3En%20%3C\/script%3E%3Cscript%20type='text\/javascript'%3E%20%3C!--%20document.write('%3Cspan%20style='display:%20none;'%3E');%20\/\/--%3E%20%3C\/script%3EEsta%20direcci%C3%B3n%20de%20correo%20electr%C3%B3nico%20est%C3%A1%20protegida%20contra%20spambots.%20Usted%20necesita%20tener%20Javascript%20activado%20para%20poder%20verla.%20%3Cscript%20type='text\/javascript'%3E%20%3C!--%20document.write('%3C\/');%20document.write('span%3E');%20\/\/--%3E%20%3C\/script%3E\"><\/a><strong><a href=\"mailto:adminsitarcion@procana.org\">adminsitarcion@procana.org<\/a><\/strong><strong>&nbsp;dos (2) d\u00edas antes de la asamblea<\/strong><\/p>\n<!-- \/wp:paragraph -->","_et_gb_content_width":"","footnotes":""},"categories":[5,4],"tags":[],"class_list":["post-1947","post","type-post","status-publish","format-standard","has-post-thumbnail","hentry","category-noticia-principal","category-noticias"],"_links":{"self":[{"href":"https:\/\/procana.org\/site\/wp-json\/wp\/v2\/posts\/1947","targetHints":{"allow":["GET"]}}],"collection":[{"href":"https:\/\/procana.org\/site\/wp-json\/wp\/v2\/posts"}],"about":[{"href":"https:\/\/procana.org\/site\/wp-json\/wp\/v2\/types\/post"}],"author":[{"embeddable":true,"href":"https:\/\/procana.org\/site\/wp-json\/wp\/v2\/users\/1"}],"replies":[{"embeddable":true,"href":"https:\/\/procana.org\/site\/wp-json\/wp\/v2\/comments?post=1947"}],"version-history":[{"count":16,"href":"https:\/\/procana.org\/site\/wp-json\/wp\/v2\/posts\/1947\/revisions"}],"predecessor-version":[{"id":3387,"href":"https:\/\/procana.org\/site\/wp-json\/wp\/v2\/posts\/1947\/revisions\/3387"}],"wp:featuredmedia":[{"embeddable":true,"href":"https:\/\/procana.org\/site\/wp-json\/wp\/v2\/media\/3386"}],"wp:attachment":[{"href":"https:\/\/procana.org\/site\/wp-json\/wp\/v2\/media?parent=1947"}],"wp:term":[{"taxonomy":"category","embeddable":true,"href":"https:\/\/procana.org\/site\/wp-json\/wp\/v2\/categories?post=1947"},{"taxonomy":"post_tag","embeddable":true,"href":"https:\/\/procana.org\/site\/wp-json\/wp\/v2\/tags?post=1947"}],"curies":[{"name":"wp","href":"https:\/\/api.w.org\/{rel}","templated":true}]}}