{"id":10300,"date":"2026-01-16T15:37:11","date_gmt":"2026-01-16T20:37:11","guid":{"rendered":"https:\/\/procana.org\/site\/?p=10300"},"modified":"2026-01-16T15:37:23","modified_gmt":"2026-01-16T20:37:23","slug":"jovenes-creen-en-democracia-pero-ven-barreras-para-incidir-y-participar-las-claves-de-nueva-encuesta-de-percepcion-de-cifras-y-conceptos","status":"publish","type":"post","link":"https:\/\/procana.org\/site\/jovenes-creen-en-democracia-pero-ven-barreras-para-incidir-y-participar-las-claves-de-nueva-encuesta-de-percepcion-de-cifras-y-conceptos\/","title":{"rendered":"J\u00f3venes creen en democracia, pero ven barreras para incidir y participar: las claves de nueva encuesta de percepci\u00f3n de Cifras y Conceptos"},"content":{"rendered":"\n<p>El estudio muestra que este grupo poblacional enfrenta obst\u00e1culos para involucrarse en la pol\u00edtica.\u00a0<\/p>\n\n\n\n<p><\/p>\n\n\n\n<figure class=\"wp-block-image\"><img decoding=\"async\" src=\"https:\/\/imagenes2.eltiempo.com\/files\/image_1200_535\/uploads\/2026\/01\/14\/6968270328f82.jpeg\" alt=\"x\"\/><figcaption class=\"wp-element-caption\">El panel abord\u00f3 soluciones para mejorar la participaci\u00f3n juvenil.&nbsp;Foto:&nbsp;Sebasti\u00e1n Arango EL TIEMPO<\/figcaption><\/figure>\n\n\n\n<p><a>Link<\/a><img loading=\"lazy\" decoding=\"async\" alt=\"Alt thumbnail\" width=\"60\" height=\"60\" src=\"https:\/\/imagenes2.eltiempo.com\/files\/image_60_60\/uploads\/2024\/08\/22\/66c7617e078cc.png\"><\/p>\n\n\n\n<p><a href=\"https:\/\/www.eltiempo.com\/autor\/juan-pablo-penagos-ramirez\" target=\"_blank\" rel=\"noreferrer noopener\">Juan Pablo Penagos Ram\u00edrez<\/a><a><\/a><\/p>\n\n\n\n<p>PERIODISTA14.01.2026 18:21Actualizado:&nbsp;15.01.2026 04:12<img decoding=\"async\" src=\"https:\/\/www.eltiempo.com\/images\/icon\/share-icon.svg\"><\/p>\n\n\n\n<p><\/p>\n\n\n\n<p>Los j\u00f3venes en Colombia creen en la democracia como el mejor sistema de representaci\u00f3n pol\u00edtica, pero perciben retos estructurales en su funcionamiento. Esta es una de las principales conclusiones del estudio de percepci\u00f3n de&nbsp;<strong>Cifras y Conceptos, en alianza con EL TIEMPO, la Fundaci\u00f3n Corona, London School of Economic, NextGenC y la Fundaci\u00f3n Bol\u00edvar Davivienda<\/strong>, cuyos resultados fueron presentados este 14 de enero en un foro realizado en la sede de la Casa Editorial EL TIEMPO.<\/p>\n\n\n\n<p>El estudio aplic\u00f3 una muestra de 3.221 encuestas, distribuidas en 46 municipios del pa\u00eds, con la cual se estima que se representa un universo de 10\u2019215.279 j\u00f3venes entre 18 y 32 a\u00f1os. El trabajo de campo se realiz\u00f3 entre el 15 de noviembre y el 22 de diciembre de 2025.<\/p>\n\n\n\n<p><a href=\"https:\/\/www.eltiempo.com\/politica\/elecciones-colombia-2026\/registrador-nacional-hernan-penagos-buscara-cambio-de-reglas-para-la-recoleccion-de-firmas-la-reforma-impediria-firmar-por-mas-de-una-candidatura-3523958\">Registrador nacional Hern\u00e1n Penagos buscar\u00e1 cambio de reglas para la recolecci\u00f3n de firmas: la reforma impedir\u00eda firmar por m\u00e1s de una candidatura<\/a><\/p>\n\n\n\n<figure class=\"wp-block-image\"><img decoding=\"async\" src=\"https:\/\/imagenes2.eltiempo.com\/files\/image_600_455\/files\/fp\/uploads\/2026\/01\/14\/6967ad33470ef.r_d.644-430.jpeg\" alt=\"x\"\/><figcaption class=\"wp-element-caption\">C\u00e9sar Caballero, gerente de Cifras y Conceptos.&nbsp;Foto:Sebasti\u00e1n Arango EL TIEMPO<\/figcaption><\/figure>\n\n\n\n<p><strong>C\u00e9sar Caballero<\/strong>, gerente de Cifras y Conceptos, destac\u00f3 el valor que la juventud le da a la democracia, pese a las dificultades que esta enfrenta. De acuerdo con la encuesta, el 61 por ciento de los j\u00f3venes considera muy importante vivir en un pa\u00eds gobernado democr\u00e1ticamente, mientras que el 30 por ciento tiene una visi\u00f3n neutra; el 6 por ciento lo considera nada importante y el 3 por ciento no sabe o no responde.<\/p>\n\n\n\n<p>Ahora bien,&nbsp;<strong>la satisfacci\u00f3n con el funcionamiento de la democracia en el pa\u00eds no es alta<\/strong>. El 32 por ciento dice estar poco satisfecho, el 47 por ciento mantiene una posici\u00f3n neutra y solo el 20 por ciento afirma estar muy satisfecho. \u201cLos j\u00f3venes creen en la democracia, pero sienten que hay retos enormes de la manera c\u00f3mo funciona la democracia en Colombia\u201d, concluy\u00f3 Caballero.<\/p>\n\n\n\n<p><a href=\"https:\/\/www.eltiempo.com\/politica\/gobierno\/cancilleria-pide-que-excarcelaciones-en-venezuela-incluyan-a-colombianos-detenidos-permanecen-privados-de-su-libertad-3524236\">Canciller\u00eda pide que excarcelaciones en Venezuela incluyan a colombianos detenidos: &#8216;Permanecen privados de su libertad&#8217;<\/a><\/p>\n\n\n\n<p><strong>Uno de los principales desaf\u00edos identificados es la participaci\u00f3n juvenil y su nivel de involucramiento en la pol\u00edtica<\/strong>. Aunque la mayor\u00eda considera que los j\u00f3venes deber\u00edan tener mayor incidencia en las decisiones de su ciudad \u2013porque pueden aportar nuevas ideas (54 por ciento), porque las decisiones los afectan directamente (40 por ciento) y porque no se sienten bien representados y creen que deber\u00edan tener voz (37 por ciento)\u2013, persisten barreras que limitan esa participaci\u00f3n.&nbsp;<strong>Entre los principales obst\u00e1culos se mencionan la falta de informaci\u00f3n sobre c\u00f3mo participar (53 por ciento), la desconfianza en los gobiernos locales (39 por ciento), la escasez de tiempo o recursos (27 por ciento) y la percepci\u00f3n de que su voz no importa (21 por ciento).<\/strong><\/p>\n\n\n\n<figure class=\"wp-block-image\"><img decoding=\"async\" src=\"https:\/\/imagenes2.eltiempo.com\/files\/image_600_455\/files\/fp\/uploads\/2024\/06\/27\/667dc2fac799b.r_d.686-542.jpeg\" alt=\"Urnas elecciones regionales 2023.\"\/><figcaption class=\"wp-element-caption\">Urnas elecciones regionales 2023.&nbsp;Foto:Sergio Acero \/ El Tiempo<\/figcaption><\/figure>\n\n\n\n<p>Durante el panel \u2018\u00bfCu\u00e1l es la percepci\u00f3n de los j\u00f3venes sobre la democracia y la participaci\u00f3n ciudadana?\u2019, moderado ayer por el director general de EL TIEMPO, Andr\u00e9s Mompotes, se analiz\u00f3 este panorama.<\/p>\n\n\n\n<p>En este espacio, el joven<strong>&nbsp;Esteban Boh\u00f3rquez<\/strong>&nbsp;\u2013vinculado a Global Opportunity Youth Network, iniciativa que busca conectar a los j\u00f3venes en \u00e1mbitos de participaci\u00f3n, educativos y laborales\u2013 coincidi\u00f3 en que la baja participaci\u00f3n est\u00e1 estrechamente ligada a la falta de informaci\u00f3n.&nbsp;<strong>\u201cSi t\u00fa no est\u00e1s informado de un tema, no vas a tener inter\u00e9s en participar. Nuestra democracia es participativa, pero \u00bfc\u00f3mo vas a salir a votar si ni siquiera sabes qui\u00e9n es el candidato? Hago un llamado a las instituciones educativas a que permitan esos espacios, porque al final es la forma en que los j\u00f3venes se van a enterar de los candidatos y de los proyectos sociales que se quieren impulsar en su comunidad\u201d<\/strong>, se\u00f1al\u00f3.<\/p>\n\n\n\n<figure class=\"wp-block-image\"><img decoding=\"async\" src=\"https:\/\/imagenes2.eltiempo.com\/files\/image_600_455\/uploads\/2026\/01\/14\/6968276c76e72.jpeg\" alt=\"x\"\/><figcaption class=\"wp-element-caption\">Esteban Bohorquez.&nbsp;Foto:Sebasti\u00e1n Arango EL TIEMPO.<\/figcaption><\/figure>\n\n\n\n<p>En esa misma l\u00ednea,<strong>&nbsp;Natalia Borrero<\/strong>, l\u00edder de Planeaci\u00f3n y Aprendizaje de la Fundaci\u00f3n Corona, advirti\u00f3 que uno de los principales retos est\u00e1 en la confianza en las fuentes de informaci\u00f3n que tienen los j\u00f3venes para tomar decisiones. Se\u00f1al\u00f3 que existen formas de informarse en las que pueden ser m\u00e1s vulnerables a contenidos altamente sesgados, por lo que consider\u00f3 necesario pensar en formatos confiables, que ofrezcan distintos \u00e1ngulos y fomenten el pensamiento cr\u00edtico. \u201cHemos aprendido desde la fundaci\u00f3n que a los j\u00f3venes s\u00ed los incentiva votar cuando cuentan con informaci\u00f3n clara\u201d, afirm\u00f3.<\/p>\n\n\n\n<p><a href=\"https:\/\/www.eltiempo.com\/politica\/gobierno\/jorge-lemus-presento-su-renuncia-irrevocable-a-la-direccion-nacional-de-inteligencia-y-el-presidente-gustavo-petro-ya-tendria-definido-reemplazo-3524179\">Jorge Lemus present\u00f3 su renuncia irrevocable a la Direcci\u00f3n Nacional de Inteligencia y el presidente Gustavo Petro ya tendr\u00eda definido reemplazo<\/a><\/p>\n\n\n\n<p>Por su parte,&nbsp;<strong>Juan Andr\u00e9s Rojas<\/strong>, gerente de Talento Joven de la Fundaci\u00f3n Bol\u00edvar Davivienda, subray\u00f3 la necesidad de innovar en las estrategias para involucrar a los j\u00f3venes en la participaci\u00f3n ciudadana. \u201cHay mucha indignaci\u00f3n y ganas de cambiar, pero la pregunta es c\u00f3mo lo hacemos y c\u00f3mo acompa\u00f1amos a los j\u00f3venes para que tengan las plataformas y el inter\u00e9s para hacerlo\u201d, afirm\u00f3.<\/p>\n\n\n\n<p>De manera similar,&nbsp;<strong>Olga Luc\u00eda Sorzano<\/strong>, investigadora asociada de LSE Cities, destac\u00f3 la importancia de que los gobiernos y las ciudades presten mayor atenci\u00f3n a estos temas y fortalezcan su v\u00ednculo con las juventudes. \u201cHay una gran preocupaci\u00f3n por el adultocentrismo; todav\u00eda los j\u00f3venes no son considerados una voz fuerte y con criterio, cuando s\u00ed lo tienen, y estas organizaciones lo est\u00e1n demostrando\u201d, concluy\u00f3 Sorzano.<\/p>\n\n\n\n<figure class=\"wp-block-image\"><img decoding=\"async\" src=\"https:\/\/imagenes2.eltiempo.com\/files\/image_600_455\/uploads\/2026\/01\/14\/696827a712055.jpeg\" alt=\"x\"\/><figcaption class=\"wp-element-caption\">Panel.&nbsp;Foto:Sebasti\u00e1n Arango EL TIEMPO.<\/figcaption><\/figure>\n\n\n\n<h2 class=\"wp-block-heading\">Otros puntos<\/h2>\n\n\n\n<p>La encuesta consult\u00f3 a los j\u00f3venes por cu\u00e1l afirmaci\u00f3n representa mejor lo que piensan sobre la democracia.<strong>&nbsp;La opci\u00f3n m\u00e1s mencionada fue que esta da resultados, elegida por el 38 por ciento de los encuestados<\/strong>. Le sigue la premisa de que es el mejor sistema de gobierno, con el 33 por ciento de las respuestas, lo que confirma que, pese a las cr\u00edticas, la democracia sigue siendo el modelo preferido entre este grupo poblacional.<\/p>\n\n\n\n<p>No obstante, los resultados tambi\u00e9n evidencian miradas cr\u00edticas y desencantadas. El 29 por ciento considera que la democracia solo sirve a los pol\u00edticos y el 20 por ciento la reduce principalmente al acto de votar. Adem\u00e1s, el 26 por ciento siente que esta funciona para s\u00ed mismo, mientras que el 14 por ciento cree que participar no sirve de nada y el 12 por ciento piensa que la democracia no da resultados. Incluso, un 11 por ciento afirma que no le importa que la persona por la que vote robe, siempre y cuando entregue resultados.<\/p>\n\n\n\n<p><a href=\"https:\/\/www.eltiempo.com\/politica\/gobierno\/ee-uu-y-venezuela-marcan-la-cuarta-reunion-de-la-comision-asesora-de-relaciones-exteriores-con-el-gobierno-de-gustavo-petro-3523956\">As\u00ed fue la sesi\u00f3n de la Comisi\u00f3n Asesora de Relaciones Exteriores: EE.UU. y Venezuela marcaron la agenda<\/a><\/p>\n\n\n\n<p><strong>Otro revelaci\u00f3n llamativa de la encuesta fue la del nivel de vinculaci\u00f3n con los asuntos nacionales en comparaci\u00f3n con los de sus ciudades<\/strong>. De acuerdo con los resultados, el 31 por ciento est\u00e1 totalmente de acuerdo con la afirmaci\u00f3n \u201cSiento que tengo un buen entendimiento de los temas pol\u00edticos importantes que enfrenta nuestro pa\u00eds\u201d, mientras que el 28 por ciento manifest\u00f3 ese mismo nivel de acuerdo frente a los temas pol\u00edticos de su ciudad. \u201cLos j\u00f3venes se sienten m\u00e1s vinculados en los temas nacionales que en los locales. Ah\u00ed hay una alerta que vale la pena que los pol\u00edticos regionales empiecen a mirar\u201d, indic\u00f3 Caballero.<\/p>\n\n\n\n<figure class=\"wp-block-image\"><img decoding=\"async\" src=\"https:\/\/imagenes2.eltiempo.com\/files\/image_600_455\/uploads\/2026\/01\/14\/6967ad03cb728.jpeg\" alt=\"x\"\/><figcaption class=\"wp-element-caption\">C\u00e9sar Caballero, gerente de Cifras y Conceptos.&nbsp;Foto:Sebasti\u00e1n Arango EL TIEMPO<\/figcaption><\/figure>\n\n\n\n<p><strong>El estudio tambi\u00e9n indag\u00f3 por la intenci\u00f3n de participar en las pr\u00f3ximas elecciones de Congreso y Presidencia<\/strong>. El 66 por ciento de los consultados afirm\u00f3 que definitivamente votar\u00e1 en la elecci\u00f3n presidencial, mientras que el 58 por ciento dijo que lo har\u00e1 para el Congreso. Sin embargo, la mayor\u00eda a\u00fan no tiene definida su decisi\u00f3n de voto: el 74 por ciento no ha decidido por qui\u00e9n votar\u00e1 para la Presidencia, el 88 por ciento no sabe su elecci\u00f3n para el Senado y el 89 por ciento a\u00fan no define su voto para la C\u00e1mara de Representantes.<\/p>\n\n\n\n<p>Por \u00faltimo, la identificaci\u00f3n pol\u00edtica de los j\u00f3venes muestra cambios en los \u00faltimos cuatro a\u00f1os: disminuye la izquierda, crecen la derecha y el centro, lo que evidencia una reconfiguraci\u00f3n de sus posiciones ideol\u00f3gicas. Seg\u00fan el estudio, respecto a 2021, la identificaci\u00f3n ideol\u00f3gica en la izquierda pas\u00f3 del 24 al 19 por ciento, la derecha creci\u00f3 del 18 al 21 por ciento y el centro aument\u00f3 del 58 al 60 por ciento.<\/p>\n\n\n\n<p>Conocer, a nivel nacional, la opini\u00f3n de las j\u00f3venes entre 18 y 32 a\u00f1os sobre los temas pol\u00edticos, sociales y econ\u00f3micos m\u00e1s relevantes de la actualidad, para construir propuestas que reflejen sus necesidades y aspiraciones.<\/p>\n\n\n\n<p><strong>FICHA T\u00c9CNICA <\/strong><\/p>\n\n\n\n<p>Persona jur\u00eddica que la realiz\u00f3<\/p>\n\n\n\n<p>Cifras &amp; Conceptos.<\/p>\n\n\n\n<p>Persona natural o jur\u00eddica que la financi\u00f3 y encomend\u00f3<\/p>\n\n\n\n<p>Fundaci\u00f3n Corona, London School of Economics (LSE), Fundaci\u00f3n Bol\u00edvar Davivienda y Cifras &amp; Conceptos.<\/p>\n\n\n\n<p>\u00c1mbito geogr\u00e1fico de estudio<\/p>\n\n\n\n<p>Se determin\u00f3 a partir de la divisi\u00f3n pol\u00edtico-administrativa de Colombia. Los municipios fueron clasificados de acuerdo con el n\u00famero de habitantes y las regiones geogr\u00e1ficas que establece la Ley 2494 de 2025:<\/p>\n\n\n\n<p>Municipios de inclusive\/intermedios (300.000 y m\u00e1s habitantes)<\/p>\n\n\n\n<p>Municipios entre 100.000 y 299.999 habitantes<\/p>\n\n\n\n<p>Municipios entre 50.000 y 99.999 habitantes<\/p>\n\n\n\n<p>Municipios con menos de 50.000 habitantes<\/p>\n\n\n\n<p>Hacen parte del \u00e1mbito geogr\u00e1fico las cabeceras municipales. Se excluy\u00f3 la zona rural, centros poblados y rural disperso del pa\u00eds.<\/p>\n\n\n\n<p>Regiones y departamentos<\/p>\n\n\n\n<p>Caribe: Atl\u00e1ntico, Bol\u00edvar, Cesar, C\u00f3rdoba, La Guajira y Magdalena.<\/p>\n\n\n\n<p>Centro \u2013 Oriente: Bogot\u00e1 D. C., Boyac\u00e1, Cundinamarca, Norte de Santander y Santander.<\/p>\n\n\n\n<p>Centro \u2013 Sur \u2013 Amazon\u00eda: Caquet\u00e1, Huila y Tolima.<\/p>\n\n\n\n<p>Llanos: Meta y Casanare.<\/p>\n\n\n\n<p>Eje cafetero: Antioquia y Risaralda.<\/p>\n\n\n\n<p>Pac\u00edfico: Cauca, Choc\u00f3, Nari\u00f1o y Valle del Cauca.<\/p>\n\n\n\n<p>Poblaci\u00f3n objetivo<\/p>\n\n\n\n<p>Hombres y mujeres entre 18 y 32 a\u00f1os de edad, residentes habituales de los municipios que conforman el \u00e1mbito geogr\u00e1fico de estudio.<\/p>\n\n\n\n<p>Universo representado<\/p>\n\n\n\n<p>Se estima en 10.215.279 j\u00f3venes entre 18 y 32 a\u00f1os que hacen parte del \u00e1mbito geogr\u00e1fico del estudio.<\/p>\n\n\n\n<p>Procedimiento utilizado para la selecci\u00f3n de las unidades<\/p>\n\n\n\n<p>Las premisas para la selecci\u00f3n de las unidades de observaci\u00f3n corresponden a un dise\u00f1o estad\u00edstico de muestreo probabil\u00edstico por etapas, estratificado, con marco de \u00e1reas. El marco de \u00e1reas corresponde al inventario cartogr\u00e1fico disponible con base en el \u00faltimo Censo Nacional de Poblaci\u00f3n y Vivienda, las proyecciones de poblaci\u00f3n a la fecha de aplicaci\u00f3n de la encuesta (fuente DANE) y los registros administrativos de la Registradur\u00eda.<\/p>\n\n\n\n<p>Tama\u00f1o de la muestra<\/p>\n\n\n\n<p>3.221 encuestas distribuidas en 46 municipios. Por regi\u00f3n el tama\u00f1o de muestra fue:<\/p>\n\n\n\n<p>Caribe: 844<\/p>\n\n\n\n<p>Centro Oriente: 692<\/p>\n\n\n\n<p>Centro \u2013 Sur \u2013 Amazon\u00eda: 185<\/p>\n\n\n\n<p>Llanos: 131<\/p>\n\n\n\n<p>Eje Cafetero: 485<\/p>\n\n\n\n<p>Pac\u00edfico: 679<\/p>\n\n\n\n<p>M\u00e9todo de ponderaci\u00f3n<\/p>\n\n\n\n<p>Los datos muestrales fueron calibrados a las estructuras poblacionales del universo de estudio utilizando las variables de regi\u00f3n, tama\u00f1o poblacional, grupos etarios y sexo.<\/p>\n\n\n\n<p>T\u00e9cnica utilizada para la selecci\u00f3n de la muestra<\/p>\n\n\n\n<p>Encuesta presencial en hogares con aplicaci\u00f3n de un instrumento estructurado.<\/p>\n\n\n\n<p>Error est\u00e1ndar relativo (EER) m\u00e1ximo observado<\/p>\n\n\n\n<p>3,0 % para estimaciones al total del agregado de las ciudades con una confiabilidad del 95 %, para fen\u00f3menos observados con una frecuencia de m\u00ednimo el 30 %. Fen\u00f3menos observados con una mayor frecuencia presentan un menor error en las estimaciones.<\/p>\n\n\n\n<p>Fechas de trabajo de campo<\/p>\n\n\n\n<p>Del 15 de noviembre al 22 de diciembre de 2025.<\/p>\n\n\n\n<p>N\u00famero de encuestadores y supervisores<\/p>\n\n\n\n<p>182 encuestadores y 23 supervisores.<\/p>\n\n\n\n<p>Estad\u00edsticos<\/p>\n\n\n\n<p>Miguel \u00c1ngel Le\u00f3n y Andr\u00e9s M\u00e9ndez.<\/p>\n\n\n\n<p>Preguntas del formulario<\/p>\n\n\n\n<p>Para ver las preguntas del formulario siga el link.<\/p>\n\n\n\n<p>Temas concretos a los que se refiere<\/p>\n\n\n\n<p>Datos sociodemogr\u00e1ficos; percepci\u00f3n frente al gobierno nacional e instituciones; participaci\u00f3n pol\u00edtica y ciudadana; percepci\u00f3n frente a las barreras para acceder a la educaci\u00f3n y tipos de educaci\u00f3n que prefieren; mercado laboral; disposici\u00f3n para hablar con distintos grupos de personas; posici\u00f3n frente a temas sociales, econ\u00f3micos y pol\u00edticos, y emociones.<\/p>\n\n\n\n<p>Declaraci\u00f3n de contraprestaci\u00f3n<\/p>\n\n\n\n<p>Sin contraprestaciones econ\u00f3micas.<\/p>\n\n\n\n<p>Personas o instituciones por quienes se indag\u00f3<\/p>\n\n\n\n<p>Gustavo Petro, Rodolfo Hern\u00e1ndez, Registradur\u00eda, Consejo Nacional Electoral, Jurisdicci\u00f3n de lo Contencioso Administrativo, Presidencia de la Rep\u00fablica, Defensor\u00eda del Pueblo, Fuerzas Militares, Polic\u00eda Nacional de Colombia, Fiscal\u00eda General de la Naci\u00f3n, sindicatos, Procuradur\u00eda General de la Naci\u00f3n, Contralor\u00eda General de la Rep\u00fablica, Congreso de la Rep\u00fablica, entre otros.<\/p>\n\n\n\n<p>Cifras &amp; Conceptos se encuentra registrada ante el Consejo Nacional Electoral mediante la resoluci\u00f3n 02530 de 2025.<\/p>\n\n\n\n<p>Cifras &amp; Conceptos est\u00e1 certificada con el Sistema de Gesti\u00f3n de Calidad ISO 20252 versi\u00f3n 2012.<\/p>\n\n\n\n<p>VER LA INFORMACI\u00d3N EN :  <a href=\"https:\/\/www.eltiempo.com\/politica\/gobierno\/jovenes-creen-en-democracia-pero-ven-barreras-para-incidir-y-participar-las-claves-de-nueva-encuesta-de-percepcion-de-cifras-y-conceptos-3524249\">J\u00f3venes creen en democracia, pero ven barreras para incidir y participar: las claves de nueva encuesta de percepci\u00f3n de Cifras y Conceptos<\/a><\/p>\n","protected":false},"excerpt":{"rendered":"<p>El estudio muestra que este grupo poblacional enfrenta obst\u00e1culos para involucrarse en la pol\u00edtica.\u00a0 Link Juan Pablo Penagos Ram\u00edrez PERIODISTA14.01.2026 18:21Actualizado:&nbsp;15.01.2026 04:12 Los j\u00f3venes en Colombia creen en la democracia como el mejor sistema de representaci\u00f3n pol\u00edtica, pero perciben retos estructurales en su funcionamiento. Esta es una de las principales conclusiones del estudio de percepci\u00f3n [&hellip;]<\/p>\n","protected":false},"author":681,"featured_media":0,"comment_status":"open","ping_status":"open","sticky":false,"template":"","format":"standard","meta":{"_et_pb_use_builder":"off","_et_pb_old_content":"","_et_gb_content_width":"","footnotes":""},"categories":[1],"tags":[],"class_list":["post-10300","post","type-post","status-publish","format-standard","hentry","category-sin-categoria"],"_links":{"self":[{"href":"https:\/\/procana.org\/site\/wp-json\/wp\/v2\/posts\/10300","targetHints":{"allow":["GET"]}}],"collection":[{"href":"https:\/\/procana.org\/site\/wp-json\/wp\/v2\/posts"}],"about":[{"href":"https:\/\/procana.org\/site\/wp-json\/wp\/v2\/types\/post"}],"author":[{"embeddable":true,"href":"https:\/\/procana.org\/site\/wp-json\/wp\/v2\/users\/681"}],"replies":[{"embeddable":true,"href":"https:\/\/procana.org\/site\/wp-json\/wp\/v2\/comments?post=10300"}],"version-history":[{"count":1,"href":"https:\/\/procana.org\/site\/wp-json\/wp\/v2\/posts\/10300\/revisions"}],"predecessor-version":[{"id":10301,"href":"https:\/\/procana.org\/site\/wp-json\/wp\/v2\/posts\/10300\/revisions\/10301"}],"wp:attachment":[{"href":"https:\/\/procana.org\/site\/wp-json\/wp\/v2\/media?parent=10300"}],"wp:term":[{"taxonomy":"category","embeddable":true,"href":"https:\/\/procana.org\/site\/wp-json\/wp\/v2\/categories?post=10300"},{"taxonomy":"post_tag","embeddable":true,"href":"https:\/\/procana.org\/site\/wp-json\/wp\/v2\/tags?post=10300"}],"curies":[{"name":"wp","href":"https:\/\/api.w.org\/{rel}","templated":true}]}}