{"id":10266,"date":"2026-01-09T14:49:58","date_gmt":"2026-01-09T19:49:58","guid":{"rendered":"https:\/\/procana.org\/site\/?p=10266"},"modified":"2026-01-09T14:50:08","modified_gmt":"2026-01-09T19:50:08","slug":"43-caminos-para-cumplirle-al-campo","status":"publish","type":"post","link":"https:\/\/procana.org\/site\/43-caminos-para-cumplirle-al-campo\/","title":{"rendered":"43 caminos para cumplirle al campo"},"content":{"rendered":"\n<h2 class=\"wp-block-heading\">Herramientas para las Presidencia y el Congreso de la Rep\u00fablica 2026 &#8211; 2030<\/h2>\n\n\n\n<p><strong>El agro colombiano no solo mueve la econom\u00eda: es un pilar estructural de la sociedad y la columna vertebral de la seguridad alimentaria de m\u00e1s de 50 millones de colombianos. En 2024, el sector creci\u00f3 8,1%, aportando 0,8 puntos porcentuales al crecimiento total del Producto Interno Bruto (PIB) nacional, y las exportaciones de alimentos alcanzaron cifras r\u00e9cord, demostrando que nuestro campo tiene la fuerza y el talento para transformar el pa\u00eds.<\/strong><\/p>\n\n\n\n<p>Pese a ello, esta vitalidad productiva y su aporte indiscutible al bienestar nacional contrastan con niveles de abandono y precariedad que marcan las condiciones de vida de los habitantes del campo y han limitado su potencial.<\/p>\n\n\n\n<p>La tierra por s\u00ed sola no basta. La ruralidad se construye pensando en los productores, quienes d\u00eda a d\u00eda generan la comida que nos alimenta a todos. Por eso, es fundamental garantizar la propiedad y el respeto a los derechos de quienes trabajan la tierra.<\/p>\n\n\n\n<div class=\"wp-block-columns is-layout-flex wp-container-core-columns-is-layout-9d6595d7 wp-block-columns-is-layout-flex\">\n<div class=\"wp-block-column is-layout-flow wp-block-column-is-layout-flow\">\n<p>La Sociedad de Agricultores de Colombia (SAC) y los 21 sectores de la producci\u00f3n agropecuaria que representa presentaron el documento <strong>\u201c43 caminos para cumplirle al campo. Herramientas para la Presidencia y el Congreso de la Rep\u00fablica 2026\u20132030\u201d<\/strong>, una propuesta construida de manera colectiva para contribuir a la discusi\u00f3n nacional y materializar las transformaciones que Colombia necesita.<\/p>\n<\/div>\n\n\n\n<div class=\"wp-block-column is-layout-flow wp-block-column-is-layout-flow\">\n<figure class=\"wp-block-image size-large is-resized\"><img loading=\"lazy\" decoding=\"async\" width=\"788\" height=\"1024\" src=\"https:\/\/procana.org\/site\/wp-content\/uploads\/2026\/01\/IMG_7759-788x1024.png\" alt=\"\" class=\"wp-image-10267\" style=\"aspect-ratio:0.7695565369955836;width:312px;height:auto\"\/><\/figure>\n<\/div>\n<\/div>\n\n\n\n<p>El documento, que se seguir\u00e1 construyendo a medida que se presenten nuevas reformas normativas que impacten al agro colombiano, parte de una premisa clara: el campo necesita una hoja de ruta concreta que permita superar los cuellos de botella que hist\u00f3ricamente han frenado su crecimiento.<\/p>\n\n\n\n<p>El documento est\u00e1 dividido en cinco ejes. El primero de ellos est\u00e1 enfocado en <strong>la seguridad f\u00edsica y la seguridad jur\u00eddica,<\/strong> que constituyen un pilar fundamental para garantizar un entorno estable, con reglas claras y presencia institucional. Las acciones contempladas buscan promover la formalizaci\u00f3n laboral, garantizar la movilidad de alimentos e insumos agropecuarios necesarios para la seguridad alimentaria, e incluir medidas orientadas a restablecer y fortalecer la seguridad jur\u00eddica que exige la propiedad privada y la producci\u00f3n agropecuaria.<\/p>\n\n\n\n<p>El segundo eje corresponde a mecanismos de coordinaci\u00f3n institucional en materia de <strong>bienes p\u00fablicos para el desarrollo agropecuario, <\/strong>especialmente en infraestructura, servicios y conectividad. Las v\u00edas en mal estado, el cr\u00e9dito y aseguramiento insuficiente, la falta de riego, la baja cobertura el\u00e9ctrica y digital, y la dispersi\u00f3n en la coordinaci\u00f3n institucional han frenado la competitividad y el bienestar de millones de familias rurales.<\/p>\n\n\n\n<p>Sumado a ello, el futuro del agro colombiano depende de producir m\u00e1s y mejor, a trav\u00e9s de mecanismos que contribuyan a la producci\u00f3n sostenible, el uso racional de los recursos naturales y la protecci\u00f3n de los ecosistemas y la biodiversidad. En ese contexto, el tercer eje, denominado <strong>Producci\u00f3n Sostenible<\/strong>, plantea medidas para que la producci\u00f3n agropecuaria sea rentable e innovadora, garantizando seguridad alimentaria y bienestar para quienes trabajan la tierra.<\/p>\n\n\n\n<p>El cuarto eje integra pol\u00edticas econ\u00f3micas, comercio exterior, cr\u00e9dito e inversi\u00f3n, insistiendo en la necesidad de medidas econ\u00f3micas que, m\u00e1s all\u00e1 del acceso a la tierra, permitan alcanzar la sostenibilidad y consolidaci\u00f3n de la producci\u00f3n agropecuaria como motor de desarrollo rural.<\/p>\n\n\n\n<p><br>Para lograrlo, se plantea la creaci\u00f3n e implementaci\u00f3n de instrumentos financieros y fiscales que garanticen el acceso transversal e inclusivo al cr\u00e9dito de fomento; la disponibilidad de recursos presupuestales para impulsar inversiones de largo plazo; y la estabilidad en las reglas tributarias y de incentivos, con el fin de crear un entorno previsible y confiable para la inversi\u00f3n productiva.<\/p>\n\n\n\n<p><br>Asimismo, se busca asegurar condiciones que protejan la producci\u00f3n nacional frente a las din\u00e1micas del sector externo, mientras se implementan mecanismos de promoci\u00f3n para la diversificaci\u00f3n de la canasta agroexportadora y la apertura de mercados.<\/p>\n\n\n\n<p>Finalmente, el quinto eje se centra en las mujeres en la ruralidad, el documento propone acciones espec\u00edficas para cerrar brechas hist\u00f3ricas en acceso a tierra, educaci\u00f3n, financiamiento, empleo formal y participaci\u00f3n en espacios de toma de decisiones.<\/p>\n\n\n\n<p>Este documento, que pone sobre la mesa propuestas concretas, fue discutido en el Congreso Nacional Agropecuario, el pasado 26 y 27 de noviembre en el Hotel Hyatt. Un espacio que reuni\u00f3 a gremios, empresarios, productores, congresistas y expertos nacionales e internacionales que dialogaron sobre los principales retos y oportunidades del sector.<\/p>\n\n\n\n<p><strong>Con estos 43 caminos, la SAC busca contribuir a que las discusiones de quienes ser\u00e1n candidatos al Congreso y a la Presidencia en 2026 se basen en propuestas concretas. Y, sobre todo, espera que quienes resulten elegidos utilicen esta hoja de ruta para dise\u00f1ar pol\u00edticas que le cumplan al campo colombiano.<\/strong><\/p>\n\n\n\n<p><br><\/p>\n","protected":false},"excerpt":{"rendered":"<p>Herramientas para las Presidencia y el Congreso de la Rep\u00fablica 2026 &#8211; 2030 El agro colombiano no solo mueve la econom\u00eda: es un pilar estructural de la sociedad y la columna vertebral de la seguridad alimentaria de m\u00e1s de 50 millones de colombianos. En 2024, el sector creci\u00f3 8,1%, aportando 0,8 puntos porcentuales al crecimiento [&hellip;]<\/p>\n","protected":false},"author":442,"featured_media":10268,"comment_status":"open","ping_status":"open","sticky":false,"template":"","format":"standard","meta":{"_et_pb_use_builder":"off","_et_pb_old_content":"","_et_gb_content_width":"","footnotes":""},"categories":[9,11],"tags":[33,26,30,27,93,28,86],"class_list":["post-10266","post","type-post","status-publish","format-standard","has-post-thumbnail","hentry","category-revista","category-revista-general","tag-agricultores","tag-cana","tag-cana-de-azucar","tag-colombia","tag-cultivadores","tag-procana","tag-sostenibilidad"],"_links":{"self":[{"href":"https:\/\/procana.org\/site\/wp-json\/wp\/v2\/posts\/10266","targetHints":{"allow":["GET"]}}],"collection":[{"href":"https:\/\/procana.org\/site\/wp-json\/wp\/v2\/posts"}],"about":[{"href":"https:\/\/procana.org\/site\/wp-json\/wp\/v2\/types\/post"}],"author":[{"embeddable":true,"href":"https:\/\/procana.org\/site\/wp-json\/wp\/v2\/users\/442"}],"replies":[{"embeddable":true,"href":"https:\/\/procana.org\/site\/wp-json\/wp\/v2\/comments?post=10266"}],"version-history":[{"count":1,"href":"https:\/\/procana.org\/site\/wp-json\/wp\/v2\/posts\/10266\/revisions"}],"predecessor-version":[{"id":10269,"href":"https:\/\/procana.org\/site\/wp-json\/wp\/v2\/posts\/10266\/revisions\/10269"}],"wp:featuredmedia":[{"embeddable":true,"href":"https:\/\/procana.org\/site\/wp-json\/wp\/v2\/media\/10268"}],"wp:attachment":[{"href":"https:\/\/procana.org\/site\/wp-json\/wp\/v2\/media?parent=10266"}],"wp:term":[{"taxonomy":"category","embeddable":true,"href":"https:\/\/procana.org\/site\/wp-json\/wp\/v2\/categories?post=10266"},{"taxonomy":"post_tag","embeddable":true,"href":"https:\/\/procana.org\/site\/wp-json\/wp\/v2\/tags?post=10266"}],"curies":[{"name":"wp","href":"https:\/\/api.w.org\/{rel}","templated":true}]}}