{"id":10222,"date":"2025-12-26T14:13:14","date_gmt":"2025-12-26T19:13:14","guid":{"rendered":"https:\/\/procana.org\/site\/?p=10222"},"modified":"2025-12-26T14:26:58","modified_gmt":"2025-12-26T19:26:58","slug":"retos-y-preparacion-del-cultivo-de-cana-2026","status":"publish","type":"post","link":"https:\/\/procana.org\/site\/retos-y-preparacion-del-cultivo-de-cana-2026\/","title":{"rendered":"Retos y preparaci\u00f3n del cultivo de ca\u00f1a 2026"},"content":{"rendered":"\n<p>Por: Guillermo Rebolledo Mej\u00eda &#8211; Presidente de la junta directiva <\/p>\n\n\n\n<p><strong>Grandes decisiones para el levante de nuestros cultivos, tendr\u00e1n relevancia para los pr\u00f3ximos a\u00f1os. Es importante resaltar que con bajas concentraciones de sacarosa en aras de mantener buenas producciones de (TCH) el panorama es digno de atenci\u00f3n.<\/strong><\/p>\n\n\n\n<h3 class=\"wp-block-heading\">1. La evoluci\u00f3n de las variedades<\/h3>\n\n\n\n<p>La evoluci\u00f3n de las variedades en los \u00faltimos 15 a\u00f1os nos sit\u00faa hoy en materiales que deben ser localizados en los ambientes que le corresponden (seco-semi-seco h\u00famedo pie de monte). Con el fin que la expresi\u00f3n gen\u00e9tica corresponda para el sitio, para el cual fueron obtenidos; de esta forma los resultados tendr\u00e1n validez experimental, hay que dialogar con Cenica\u00f1a y su ingenio azucarero para estar alineados en ese aspecto.&nbsp; <strong>Hoy existe un abanico de varietal que permiten ubicarlas en estos megas ambientes, con el fin de ir evaluando el comportamiento con cada una de ellas directamente en el campo tanto en ingenios como proveedores.<\/strong>&nbsp; Es importante que los proveedores de ca\u00f1a seamos incluidos en estas pruebas regionales y poder participar activamente en su obtenci\u00f3n para que cumplan con un buen rendimiento en campo, TCH-sacarosa y otras caracter\u00edsticas deseables para el cultivo.<\/p>\n\n\n\n<h3 class=\"wp-block-heading\">2. Paquete tecnol\u00f3gico<\/h3>\n\n\n\n<p>Una vez obtenida las variedades es importante la recomendaci\u00f3n que se haga de cada una de ellas en cuanto a su manejo agron\u00f3mico (paquete tecnol\u00f3gico) y este ser\u00e1 importante de cumplirlo para poder garantizar el \u00e9xito en la propagaci\u00f3n que se pueda llevar para las diferentes variedades.<\/p>\n\n\n\n<p><strong>\u00bfQu\u00e9 podemos manejar en el paquete tecnol\u00f3gico?<\/strong><\/p>\n\n\n\n<ul class=\"wp-block-list\">\n<li>Variedades que respondan econ\u00f3micamente bien en cuanto a producciones de TCH-Sacarosa.<\/li>\n\n\n\n<li>Variedades limpias para el control de plagas y enfermedades (carb\u00f3n, roya amarilla, roya carb\u00f3n mosaico, etc.)&nbsp;<\/li>\n\n\n\n<li>Variedades para cosecha mecanizada (erecta, deshoje natural espont\u00e1neo resistencia al pisoteo y otras m\u00e1s).<\/li>\n\n\n\n<li>Variedades que no presenten alta floraci\u00f3n, en fin, este paquete lo pondr\u00e1 en centro de investigaci\u00f3n a disposici\u00f3n del sector con el objetivo de cumplir con el manejo acordado de cada una de las variedades escogidas para la propagaci\u00f3n comercial en los diferentes megas ambientes.&nbsp;<\/li>\n<\/ul>\n\n\n\n<h3 class=\"wp-block-heading\">3. Compromiso con la eficiencia y la sostenibilidad<\/h3>\n\n\n\n<p>Hoy en d\u00eda tanto ingenios como proveedores tenemos responsabilidades que influyen directamente en el manejo del cultivo, las cuales hemos tocado en este escrito:<\/p>\n\n\n\n<p>a) La cosecha mecanizada es uno de los factores que afectan la producci\u00f3n de ca\u00f1a y sacarosa.&nbsp; <strong>Los ingenios han ido mejorando sustancialmente en llegar cada vez con menor impacto sobre los campos establecidos, pero tambi\u00e9n, nosotros como proveedores estamos en la obligaci\u00f3n de ofrecer las condiciones favorables para que la cosecha funcione adecuadamente.<\/strong><\/p>\n\n\n\n<p>b) Una consideraci\u00f3n necesaria tiene que ver con el dise\u00f1o de adecuaci\u00f3n de los campos, surcos colineales y georreferenciados que sirvan de gu\u00eda para que las cosechadoras operen eficientes.<\/p>\n\n\n\n<p>c) Distancias entre surcos \u00f3ptimos para evitar el pisoteo de la cepa.<\/p>\n\n\n\n<p>d) Aporque sugerido para evitar problemas de altos contenidos de materia extra\u00f1a.<\/p>\n\n\n\n<p>e) Suerte con buen drenaje interno y externo que evitan contenidos altos de humedad en el suelo, a causa de niveles fre\u00e1ticos altos o encharcamiento superficial.<\/p>\n\n\n\n<p>f) Campos libres de arvenses, que dificultan la operaci\u00f3n de la m\u00e1quina.<\/p>\n\n\n\n<p>g)&nbsp; El uso adecuado de los reguladores de crecimiento antes de la cosecha incrementa la producci\u00f3n de sacarosa (%), importante labor hoy en d\u00eda con el fin de aumentar la recuperaci\u00f3n de la misma.&nbsp; Para el 2025 las \u00e1reas de aplicar llegaran al 75%, pero el prop\u00f3sito para el 2026 es obtener el 80 % del \u00e1rea cosechada &#8211; aplicada.<\/p>\n\n\n\n<p><strong>La invitaci\u00f3n es a tener una muy buena relaci\u00f3n ingenio\u2013proveedor\u2013CENICA\u00d1A, para que unidos construyamos en el tiempo un cultivo sostenible en lo econ\u00f3mico, social y ambiental.<\/strong><\/p>\n\n\n\n<p>Reserva tu espacio en los eventos y publicaciones del a\u00f1o y conoce c\u00f3mo pautar: Alejandra Acebedo &#8211; 310 825 9113 &#8211; servicios@procana.org<\/p>\n\n\n\n<p>#Oportunidad2026 #AgroindustriaDeLaCa\u00f1a #Networking #Innovaci\u00f3n #Enlace2026  #VamosAlCampo.<\/p>\n","protected":false},"excerpt":{"rendered":"<p>Por: Guillermo Rebolledo Mej\u00eda &#8211; Presidente de la junta directiva Grandes decisiones para el levante de nuestros cultivos, tendr\u00e1n relevancia para los pr\u00f3ximos a\u00f1os. Es importante resaltar que con bajas concentraciones de sacarosa en aras de mantener buenas producciones de (TCH) el panorama es digno de atenci\u00f3n. 1. La evoluci\u00f3n de las variedades La evoluci\u00f3n [&hellip;]<\/p>\n","protected":false},"author":442,"featured_media":10226,"comment_status":"open","ping_status":"open","sticky":false,"template":"","format":"standard","meta":{"_et_pb_use_builder":"off","_et_pb_old_content":"","_et_gb_content_width":"","footnotes":""},"categories":[9,11],"tags":[33,96,26,30,28],"class_list":["post-10222","post","type-post","status-publish","format-standard","has-post-thumbnail","hentry","category-revista","category-revista-general","tag-agricultores","tag-agroindustria-de-la-cana-agricultores-cana","tag-cana","tag-cana-de-azucar","tag-procana"],"_links":{"self":[{"href":"https:\/\/procana.org\/site\/wp-json\/wp\/v2\/posts\/10222","targetHints":{"allow":["GET"]}}],"collection":[{"href":"https:\/\/procana.org\/site\/wp-json\/wp\/v2\/posts"}],"about":[{"href":"https:\/\/procana.org\/site\/wp-json\/wp\/v2\/types\/post"}],"author":[{"embeddable":true,"href":"https:\/\/procana.org\/site\/wp-json\/wp\/v2\/users\/442"}],"replies":[{"embeddable":true,"href":"https:\/\/procana.org\/site\/wp-json\/wp\/v2\/comments?post=10222"}],"version-history":[{"count":6,"href":"https:\/\/procana.org\/site\/wp-json\/wp\/v2\/posts\/10222\/revisions"}],"predecessor-version":[{"id":10233,"href":"https:\/\/procana.org\/site\/wp-json\/wp\/v2\/posts\/10222\/revisions\/10233"}],"wp:featuredmedia":[{"embeddable":true,"href":"https:\/\/procana.org\/site\/wp-json\/wp\/v2\/media\/10226"}],"wp:attachment":[{"href":"https:\/\/procana.org\/site\/wp-json\/wp\/v2\/media?parent=10222"}],"wp:term":[{"taxonomy":"category","embeddable":true,"href":"https:\/\/procana.org\/site\/wp-json\/wp\/v2\/categories?post=10222"},{"taxonomy":"post_tag","embeddable":true,"href":"https:\/\/procana.org\/site\/wp-json\/wp\/v2\/tags?post=10222"}],"curies":[{"name":"wp","href":"https:\/\/api.w.org\/{rel}","templated":true}]}}